{"id":1,"date":"2018-08-27T18:44:32","date_gmt":"2018-08-27T18:44:32","guid":{"rendered":"http:\/\/juliededry.be\/?p=1"},"modified":"2019-02-18T20:49:57","modified_gmt":"2019-02-18T20:49:57","slug":"hello-world","status":"publish","type":"post","link":"https:\/\/juliededry.be\/index.php\/2018\/08\/27\/hello-world\/","title":{"rendered":"Au bon endroit, au bon moment!"},"content":{"rendered":"<p>Avez-vous d\u00e9j\u00e0 v\u00e9cu cette sublime sensation d\u2019\u00eatre au bon endroit au bon moment? Cette sensation est une gr\u00e2ce divine que je vis quotidiennement depuis que j\u2019ai chang\u00e9 de vie.\u00a0La gratitude a remplac\u00e9 la malaise latent de ne pas \u00eatre \u00e0 ma place (ainsi que le sentiment de perdre du temps, de ne pas exploiter mon potentiel). Chaque matin, je me l\u00e8ve l\u00e9g\u00e8re et heureuse de vivre une nouvelle journ\u00e9e, pleine d\u2019\u00e9nergie.J\u2019avais entendu parl\u00e9 de ce sentiment, mais \u00e0 vrai dire je pensais qu\u2019il \u00e9tait r\u00e9serv\u00e9 \u00e0 une \u00e9lite ou \u00e0 des amateurs de joints <img loading=\"lazy\" role=\"presentation\" src=\"https:\/\/static.xx.fbcdn.net\/images\/emoji.php\/v9\/td9\/1\/18\/1f609.png\" alt=\"\" width=\"18\" height=\"18\" \/>. En fait, non. Cette sensation existe bien et est tout \u00e0 fait accessible.\u00a0Quel bonheur de travailler en respectant son rythme et ses besoins! Attention, \u00e7a ne veut pas dire que je bosse moins, je bosse beaucoup plus et mieux.\u00a0C\u2019est un plaisir inou\u00ef de vivre de sa passion. Vous imaginez? Je me forme en lisant exactement les livres que j\u2019aime, en suivant les formations qui me font vibrer et en exp\u00e9rimentant! Je rencontre des personnes merveilleuses qui partagent mes aspirations et qui me stimulent.\u00a0J\u2019ai cr\u00e9\u00e9 un emploi sur mesure en fonction de mes forces, mes passions et mes besoins. Le tout align\u00e9 \u00e0 ma mission de vie!Cette r\u00e9flexion \u00e9merge suite \u00e0 l\u2019analyse du graphique radar des 5 aspects de ma vie actuelle (professionnelle, soin de soi, sociale, mat\u00e9rielle et financi\u00e8re). Je me rends compte, bien que la perfection n\u2019est pas atteinte dans tous les domaines &#8211; cela signifierait que je n\u2019ai pas assez d\u2019ambition <img loading=\"lazy\" role=\"presentation\" src=\"https:\/\/static.xx.fbcdn.net\/images\/emoji.php\/v9\/td9\/1\/18\/1f609.png\" alt=\"\" width=\"18\" height=\"18\" \/>), que mes 5 domaines de vie ont tous \u00e0 peu pr\u00e8s le m\u00eame niveau de satisfaction.\u00a0Pour info: j\u2019ai pu effectuer cette analyse car mes envies \u00e0 5 et 1 an sont tr\u00e8s claires dans chaque domaine.Ce qui veut dire que je suis arriv\u00e9e \u00e0 \u00e9quilibrer tous mes domaines de vie! Ce que je savais d\u00e9j\u00e0, mais le voir sur papier est encore plus fort&#8230; LE KIF TOTAL.\u00a0Tout \u00e7a pour vous partager ce message relatif \u00e0 mon exp\u00e9rience: ENGAGEZ-VOUS dans votre vie!VOULOIR quelque chose (m\u00eame tr\u00e8s fort) n\u2019est PAS SUFFISANT. Les intentions et les visualisations ne suffisent absolument pas, elles restent trop dans le mental. C\u2019est le d\u00e9but du changement, mais ce n\u2019est pas assez.\u00a0J\u2019ai remarqu\u00e9 qu\u2019il fallait se mouiller, changer ses habitudes, oser exp\u00e9rimenter, rencontrer des nouvelles personnes, se remettre en question (beaucoup beaucoup beaucoup), avancer et ne pas avoir peur de se tromper. C\u2019est inconfortable mais tellement g\u00e9n\u00e9rateur de r\u00e9sultats!\u00a0Et je dois vous avouer que je dois encore me forcer pour sortir de mon confort&#8230; C\u2019est vrai que participer \u00e0 des \u00e9v\u00e9nements le soir, laisser mes enfants et l\u2019id\u00e9e d\u2019une soir\u00e9e cosy n\u2019est pas une activit\u00e9 inn\u00e9e chez moi (brrr). Mais je sais aussi qu\u2019\u00e0 chaque fois que j\u2019ai cette sensation d\u2019inconfort, les r\u00e9sultats ne se font pas attendre.\u00a0Et vous savez ce qui m\u2019aide dans ces moments-l\u00e0? Mes routines <img loading=\"lazy\" role=\"presentation\" src=\"https:\/\/static.xx.fbcdn.net\/images\/emoji.php\/v9\/tce\/1\/18\/1f642.png\" alt=\"\" width=\"18\" height=\"18\" \/>\u00a0Elles constituent une base solide sur lesquelles je peux m\u2019appuyer pour sortir encore plus de ma zone de confort car elle me r\u00e9confortent!Tout \u00e7a pour vous encourager \u00e0<\/p>\n<ul>\n<li>vous poser r\u00e9guli\u00e8rement la question \u201csuis-je au bon endroit au bon moment\u201d<\/li>\n<li>v\u00e9rifier que vos 5 domaines de vie sont en \u00e9quilibre et<\/li>\n<li>qu\u2019ils sont align\u00e9s \u00e0 votre mission de vie<\/li>\n<li>d\u00e9finir clairement vos envies dans les 5 domaines \u00e0 5 et 1 an<\/li>\n<\/ul>\n<p>Si pas, il est peut-\u00eatre temps d\u2019initier une r\u00e9flexion et d\u2019OSER r\u00e9aliser vos envies&#8230; \u00c7a en vaut tellement la peine!PS: la premi\u00e8re chose que nous avons remarqu\u00e9 apr\u00e8s avoir initi\u00e9 ce changement en couple, c\u2019est l\u2019humeur et le sommeil des enfants: tellement plus pos\u00e9s!<\/p>\n","protected":false},"excerpt":{"rendered":"<p>Avez-vous d\u00e9j\u00e0 v\u00e9cu cette sublime sensation d\u2019\u00eatre au bon endroit au bon moment? Cette sensation est une gr\u00e2ce divine que je vis quotidiennement depuis que j\u2019ai chang\u00e9 de vie.\u00a0La gratitude a remplac\u00e9 la malaise latent de ne pas \u00eatre \u00e0 ma place (ainsi que le sentiment de perdre du temps, de ne pas exploiter mon [&hellip;]<\/p>\n","protected":false},"author":1,"featured_media":5449,"comment_status":"open","ping_status":"open","sticky":false,"template":"","format":"standard","meta":{"spay_email":"","jetpack_publicize_message":"","jetpack_is_tweetstorm":false},"categories":[1],"tags":[],"jetpack_featured_media_url":"https:\/\/i2.wp.com\/juliededry.be\/wp-content\/uploads\/2018\/08\/Julie-Dedry-3612-1.jpg?fit=3543%2C2362&ssl=1","jetpack_publicize_connections":[],"yoast_head":"<!-- This site is optimized with the Yoast SEO plugin v15.7 - https:\/\/yoast.com\/wordpress\/plugins\/seo\/ -->\n<title>Au bon endroit, au bon moment! - Julie Dedry<\/title>\n<meta name=\"robots\" content=\"index, follow, max-snippet:-1, max-image-preview:large, max-video-preview:-1\" \/>\n<link rel=\"canonical\" href=\"https:\/\/juliededry.be\/index.php\/2018\/08\/27\/hello-world\/\" \/>\n<meta property=\"og:locale\" content=\"fr_FR\" \/>\n<meta property=\"og:type\" content=\"article\" \/>\n<meta property=\"og:title\" content=\"Au bon endroit, au bon moment! - Julie Dedry\" \/>\n<meta property=\"og:description\" content=\"Avez-vous d\u00e9j\u00e0 v\u00e9cu cette sublime sensation d\u2019\u00eatre au bon endroit au bon moment? Cette sensation est une gr\u00e2ce divine que je vis quotidiennement depuis que j\u2019ai chang\u00e9 de vie.\u00a0La gratitude a remplac\u00e9 la malaise latent de ne pas \u00eatre \u00e0 ma place (ainsi que le sentiment de perdre du temps, de ne pas exploiter mon [&hellip;]\" \/>\n<meta property=\"og:url\" content=\"https:\/\/juliededry.be\/index.php\/2018\/08\/27\/hello-world\/\" \/>\n<meta property=\"og:site_name\" content=\"Julie Dedry\" \/>\n<meta property=\"article:published_time\" content=\"2018-08-27T18:44:32+00:00\" \/>\n<meta property=\"article:modified_time\" content=\"2019-02-18T20:49:57+00:00\" \/>\n<meta property=\"og:image\" content=\"https:\/\/juliededry.be\/wp-content\/uploads\/2018\/08\/Julie-Dedry-3612-1-1024x683.jpg\" \/>\n\t<meta property=\"og:image:width\" content=\"1024\" \/>\n\t<meta property=\"og:image:height\" content=\"683\" \/>\n<meta name=\"twitter:card\" content=\"summary_large_image\" \/>\n<meta name=\"twitter:label1\" content=\"Dur\u00e9e de lecture est.\">\n\t<meta name=\"twitter:data1\" content=\"3 minutes\">\n<script type=\"application\/ld+json\" class=\"yoast-schema-graph\">{\"@context\":\"https:\/\/schema.org\",\"@graph\":[{\"@type\":\"WebSite\",\"@id\":\"https:\/\/juliededry.be\/#website\",\"url\":\"https:\/\/juliededry.be\/\",\"name\":\"Julie Dedry\",\"description\":\"Cr\\u00e9atrice de routines sur mesure\",\"potentialAction\":[{\"@type\":\"SearchAction\",\"target\":\"https:\/\/juliededry.be\/?s={search_term_string}\",\"query-input\":\"required name=search_term_string\"}],\"inLanguage\":\"fr-FR\"},{\"@type\":\"ImageObject\",\"@id\":\"https:\/\/juliededry.be\/index.php\/2018\/08\/27\/hello-world\/#primaryimage\",\"inLanguage\":\"fr-FR\",\"url\":\"https:\/\/i2.wp.com\/juliededry.be\/wp-content\/uploads\/2018\/08\/Julie-Dedry-3612-1.jpg?fit=3543%2C2362&ssl=1\",\"width\":3543,\"height\":2362},{\"@type\":\"WebPage\",\"@id\":\"https:\/\/juliededry.be\/index.php\/2018\/08\/27\/hello-world\/#webpage\",\"url\":\"https:\/\/juliededry.be\/index.php\/2018\/08\/27\/hello-world\/\",\"name\":\"Au bon endroit, au bon moment! - Julie Dedry\",\"isPartOf\":{\"@id\":\"https:\/\/juliededry.be\/#website\"},\"primaryImageOfPage\":{\"@id\":\"https:\/\/juliededry.be\/index.php\/2018\/08\/27\/hello-world\/#primaryimage\"},\"datePublished\":\"2018-08-27T18:44:32+00:00\",\"dateModified\":\"2019-02-18T20:49:57+00:00\",\"author\":{\"@id\":\"https:\/\/juliededry.be\/#\/schema\/person\/abcc577d24773ef8b5dfdaaad9dd08aa\"},\"breadcrumb\":{\"@id\":\"https:\/\/juliededry.be\/index.php\/2018\/08\/27\/hello-world\/#breadcrumb\"},\"inLanguage\":\"fr-FR\",\"potentialAction\":[{\"@type\":\"ReadAction\",\"target\":[\"https:\/\/juliededry.be\/index.php\/2018\/08\/27\/hello-world\/\"]}]},{\"@type\":\"BreadcrumbList\",\"@id\":\"https:\/\/juliededry.be\/index.php\/2018\/08\/27\/hello-world\/#breadcrumb\",\"itemListElement\":[{\"@type\":\"ListItem\",\"position\":1,\"item\":{\"@type\":\"WebPage\",\"@id\":\"https:\/\/juliededry.be\/\",\"url\":\"https:\/\/juliededry.be\/\",\"name\":\"Accueil\"}},{\"@type\":\"ListItem\",\"position\":2,\"item\":{\"@type\":\"WebPage\",\"@id\":\"https:\/\/juliededry.be\/index.php\/2018\/08\/27\/hello-world\/\",\"url\":\"https:\/\/juliededry.be\/index.php\/2018\/08\/27\/hello-world\/\",\"name\":\"Au bon endroit, au bon moment!\"}}]},{\"@type\":\"Person\",\"@id\":\"https:\/\/juliededry.be\/#\/schema\/person\/abcc577d24773ef8b5dfdaaad9dd08aa\",\"name\":\"admin1710\",\"image\":{\"@type\":\"ImageObject\",\"@id\":\"https:\/\/juliededry.be\/#personlogo\",\"inLanguage\":\"fr-FR\",\"url\":\"https:\/\/secure.gravatar.com\/avatar\/ad7aa694110f8b801d02e8ec66defb70?s=96&d=mm&r=g\",\"caption\":\"admin1710\"}}]}<\/script>\n<!-- \/ Yoast SEO plugin. -->","jetpack_sharing_enabled":true,"jetpack_shortlink":"https:\/\/wp.me\/paiuL7-1","jetpack-related-posts":[{"id":7079,"url":"https:\/\/juliededry.be\/index.php\/2020\/11\/05\/la-routine-du-matin-sensations-purification-et-mise-en-condition\/","url_meta":{"origin":1,"position":0},"title":"La routine du matin: sensations, purification et mise en condition.","date":"novembre 5, 2020","format":false,"excerpt":"Dans cet article, je vous parle de routine matinale (et de douche froide) et pourquoi leur pratique nous aide \u00e0 \u00e9voluer au travers de la discipline.\u00a0 Pour illustrer mon propos, je vais vous partager ma pratique matinale et mon retour d'exp\u00e9rience \u00e0 ce sujet.\u00a0 J'esp\u00e8re que mon t\u00e9moignage vous inspira\u2026","rel":"","context":"Article similaire","img":{"alt_text":"","src":"https:\/\/i0.wp.com\/juliededry.be\/wp-content\/uploads\/2020\/11\/douche-froide-bienfaits-ou-danger-rawcoco-1170x774-1.jpg?fit=1170%2C774&ssl=1&resize=350%2C200","width":350,"height":200},"classes":[]},{"id":5785,"url":"https:\/\/juliededry.be\/index.php\/2019\/03\/08\/ce-netait-pas-le-moment\/","url_meta":{"origin":1,"position":1},"title":"Ce n\u2019\u00e9tait pas le moment.","date":"mars 8, 2019","format":false,"excerpt":"Quand on a une vision tr\u00e8s pr\u00e9cise de notre vie id\u00e9ale \u00e0 5 ans, il est parfois tr\u00e8s difficile d\u2019attendre tellement les choses sont claires. En un an, ma vie a litt\u00e9ralement chang\u00e9. Et elle aurait pu encore changer du tout au tout les 3 derniers mois\u2026 Une maison qui\u2026","rel":"","context":"Avec 1 commentaire","img":{"alt_text":"","src":"https:\/\/i2.wp.com\/juliededry.be\/wp-content\/uploads\/2019\/03\/Julie-Dedry-3260.jpg?fit=1200%2C800&ssl=1&resize=350%2C200","width":350,"height":200},"classes":[]},{"id":6358,"url":"https:\/\/juliededry.be\/index.php\/2019\/04\/24\/respecter-son-rythme-ou-avoir-de-la-discipline-comment-faire-pour-rester-motive\/","url_meta":{"origin":1,"position":2},"title":"Respecter son rythme ou avoir de la discipline : comment faire pour rester motiv\u00e9 ?","date":"avril 24, 2019","format":false,"excerpt":"J\u2019ai regard\u00e9 une vid\u00e9o de Will Smith sur insta TV ce matin, et il y pr\u00f4nait la discipline. Cette histoire m\u2019a chipot\u00e9 toute la journ\u00e9e, d'autant plus que je suis en train de lire \"le pouvoir des habitudes\"\u2026 Tous les athl\u00e8tes, les acteurs, les stars ne jurent que par ce\u2026","rel":"","context":"Article similaire","img":{"alt_text":"","src":"https:\/\/i0.wp.com\/juliededry.be\/wp-content\/uploads\/2019\/04\/Discipline.jpg?fit=1200%2C800&ssl=1&resize=350%2C200","width":350,"height":200},"classes":[]},{"id":7151,"url":"https:\/\/juliededry.be\/index.php\/2021\/09\/13\/retour-dexperience-se-lever-avec-les-poules\/","url_meta":{"origin":1,"position":3},"title":"Retour d'exp\u00e9rience: se lever avec les poules.","date":"septembre 13, 2021","format":false,"excerpt":"La r\u00e9daction de cet article a pour but de vous partager mon exp\u00e9rience en lever matinal, activit\u00e9 que je pratique quotidiennement depuis 6 mois maintenant. J\u2019esp\u00e8re que cela vous inspirera et vous aidera tr\u00e8s concr\u00e8tement \u00e0 tester ce magnifique moment! Pourquoi j\u2019ai tent\u00e9 l\u2019aventure Cela fait plusieurs ann\u00e9es que j\u2019entends\u2026","rel":"","context":"Article similaire","img":{"alt_text":"","src":"https:\/\/i1.wp.com\/juliededry.be\/wp-content\/uploads\/2021\/09\/20210428_063341-scaled.jpg?fit=1200%2C900&ssl=1&resize=350%2C200","width":350,"height":200},"classes":[]},{"id":6567,"url":"https:\/\/juliededry.be\/index.php\/2019\/07\/04\/une-vie-sans-compromis-possible\/","url_meta":{"origin":1,"position":4},"title":"Vivre une vie align\u00e9e et sans compromis: possible?","date":"juillet 4, 2019","format":false,"excerpt":"Dans cette p\u00e9riode de Transition, de plus en plus de personnes souhaitent vivre une vie align\u00e9e \u00e0 leur nature profonde mais ne savent pas comment s\u2019y prendre pour passer \u00e0 l\u2019action. Unlimit-it propose une m\u00e9thode d\u2019auto-coaching sur mesure : la cr\u00e9ation d\u2019un guide personnel, une sorte de rep\u00e8re pour \u00e9quilibrer\u2026","rel":"","context":"Article similaire","img":{"alt_text":"","src":"https:\/\/i2.wp.com\/juliededry.be\/wp-content\/uploads\/2019\/07\/Ju-2.jpg?fit=1200%2C750&ssl=1&resize=350%2C200","width":350,"height":200},"classes":[]},{"id":6495,"url":"https:\/\/juliededry.be\/index.php\/2019\/05\/13\/je-suis-le-changement\/","url_meta":{"origin":1,"position":5},"title":"Je suis le changement.","date":"mai 13, 2019","format":false,"excerpt":"Tout remettre en question pour augmenter mon confort, c\u2019est ma nature. Je suis le feu. Je canalise facilement l\u2019\u00e9nergie, elle me traverse \u00e0 la vitesse de l\u2019\u00e9clair. Analyser, r\u00e9fl\u00e9chir, visualiser, \u00eatre inspir\u00e9e (les id\u00e9es fusent h24), m\u2019organiser et passer \u00e0 l\u2019action : je le fais aussi facilement que de me\u2026","rel":"","context":"Article similaire","img":{"alt_text":"","src":"https:\/\/i0.wp.com\/juliededry.be\/wp-content\/uploads\/2019\/05\/JulieDedry-UnLimit-It-0812.jpg?fit=1200%2C800&ssl=1&resize=350%2C200","width":350,"height":200},"classes":[]}],"_links":{"self":[{"href":"https:\/\/juliededry.be\/index.php\/wp-json\/wp\/v2\/posts\/1"}],"collection":[{"href":"https:\/\/juliededry.be\/index.php\/wp-json\/wp\/v2\/posts"}],"about":[{"href":"https:\/\/juliededry.be\/index.php\/wp-json\/wp\/v2\/types\/post"}],"author":[{"embeddable":true,"href":"https:\/\/juliededry.be\/index.php\/wp-json\/wp\/v2\/users\/1"}],"replies":[{"embeddable":true,"href":"https:\/\/juliededry.be\/index.php\/wp-json\/wp\/v2\/comments?post=1"}],"version-history":[{"count":9,"href":"https:\/\/juliededry.be\/index.php\/wp-json\/wp\/v2\/posts\/1\/revisions"}],"predecessor-version":[{"id":5446,"href":"https:\/\/juliededry.be\/index.php\/wp-json\/wp\/v2\/posts\/1\/revisions\/5446"}],"wp:featuredmedia":[{"embeddable":true,"href":"https:\/\/juliededry.be\/index.php\/wp-json\/wp\/v2\/media\/5449"}],"wp:attachment":[{"href":"https:\/\/juliededry.be\/index.php\/wp-json\/wp\/v2\/media?parent=1"}],"wp:term":[{"taxonomy":"category","embeddable":true,"href":"https:\/\/juliededry.be\/index.php\/wp-json\/wp\/v2\/categories?post=1"},{"taxonomy":"post_tag","embeddable":true,"href":"https:\/\/juliededry.be\/index.php\/wp-json\/wp\/v2\/tags?post=1"}],"curies":[{"name":"wp","href":"https:\/\/api.w.org\/{rel}","templated":true}]}}