{"id":5339,"date":"2019-02-17T19:23:15","date_gmt":"2019-02-17T19:23:15","guid":{"rendered":"https:\/\/juliededry.be\/?p=5339"},"modified":"2019-02-18T20:35:10","modified_gmt":"2019-02-18T20:35:10","slug":"la-celebration-vs-les-routines","status":"publish","type":"post","link":"https:\/\/juliededry.be\/index.php\/2019\/02\/17\/la-celebration-vs-les-routines\/","title":{"rendered":"La c\u00e9l\u00e9bration vs. les routines"},"content":{"rendered":"<div class=\"_2cuy _3dgx _2vxa\">Le mot \u201croutine\u201d est triste et ennuyeux.<\/div>\n<div><\/div>\n<div class=\"_2cuy _3dgx _2vxa\">Je sens que ce mot plombe mon \u00e9nergie. Je sens que derri\u00e8re ce terme se cache bien plus. Quelque chose de beaucoup plus grand et puissant. De plus sacr\u00e9.<\/div>\n<div><\/div>\n<div class=\"_2cuy _3dgx _2vxa\">Alors oui on peut parler aussi de \u201crituel\u201d, mais perso, je trouve ce terme trop lourd, moins \u201cfluide\u201d.<\/div>\n<div class=\"_2cuy _3dgx _2vxa\">Je suis en train de lire le livre de Gabriel Ringlet \u201cLa gr\u00e2ce des jours uniques. \u00c9loge de la c\u00e9l\u00e9bration\u201d. Un livre qui me touche intimement et qui parle de l\u2019importance de c\u00e9l\u00e9brer les moments quotidiens, m\u00eame les plus sombres.<\/div>\n<div><\/div>\n<div class=\"_2cuy _3dgx _2vxa\">J\u2019ai pris conscience que les routines sont bien plus que des \u201cchecklist\u201d. Elles doivent avant tout vous appartenir, elles doivent \u00eatre des moments de reconnexion avec votre intime. C\u2019est un pont vers la clart\u00e9, au sens large. Oserais-je m\u00eame dire vers votre spiritualit\u00e9? En tous cas, chez moi c\u2019est comme \u00e7a que je les con\u00e7ois: un lien vers mon moi profond qui m\u2019aide \u00e0 me guider et \u00e0 me ressourcer, dans le quotidien.<\/div>\n<div><\/div>\n<div class=\"_2cuy _3dgx _2vxa\">Pour \u00eatre claire: lorsque j\u2019utilise mon s\u00e9rum, le moment d\u2019application est une f\u00eate: j\u2019attends ce moment avec impatience, m\u00eame si cela ne dure que 2 min. Je soigne le d\u00e9cor de la salle de bain, j\u2019allume des bougies (d\u2019ailleurs, je ne peux pas rester chez moi sans allumer une bougie et rendre gr\u00e2ce), j\u2019\u00e9coute le silence ou je choisi une musique douce qui me porte. Ensuite, je d\u00e9pose une noix de s\u00e9rum dans mes mains et je respire son parfum. J\u2019\u00e9veille tous mes sens et j\u2019applique ensuite de fa\u00e7on consciente le fluide sur mon visage. Je ressens ma peau, sa chaleur et je me reconnecte. Je me remplis de gratitude d\u2019\u00eatre l\u00e0, bien vivante et je c\u00e9l\u00e8bre cette journ\u00e9e \u00e0 venir ou qui se termine.<\/div>\n<div><\/div>\n<div class=\"_2cuy _3dgx _2vxa\">R\u00e9p\u00e9ter ce geste quotidiennement m\u2019ancre et me rassure. Ce sont toutes ces petites pauses conscientes qui nous permettent de sortir la t\u00eate hors de l\u2019eau et de ne plus se sentir submerg\u00e9. Un peu comme un fumeur (maaaaaal) qui va \u201cs\u2019a\u00e9rer\u201d aux m\u00eames moments de la journ\u00e9e.<\/div>\n<div><\/div>\n<div class=\"_2cuy _3dgx _2vxa\">Vous avez certainement vu les vid\u00e9os (et la nouvelle s\u00e9rie!) de Marie Kondo. Je suis toujours fascin\u00e9e du soin avec lequel elle manipule les objets et v\u00eatements. Elle remercie \u00e9galement les maisons de nous prot\u00e9ger. Toutes ces petites actions sont en fait des moments de c\u00e9l\u00e9bration. On s\u2019\u00e9l\u00e8ve plus haut que le quotidien et que la signification rationnelle de l\u2019utilisation des choses.<\/div>\n<div><\/div>\n<div class=\"_2cuy _3dgx _2vxa\">Alors je souhaite de tout mon c\u0153ur que les routines que vous mettez en place soient avant tout une c\u00e9l\u00e9bration, des moments de joie et de pleine conscience et pas juste une to do liste triste et culpabilisante!<\/div>\n<div class=\"_2cuy _3dgx _2vxa\">Mettez-vous bien et kiffez la life <span class=\"_47e3 _5mfr\" title=\"heart emoticon\"><img loading=\"lazy\" class=\"img\" role=\"presentation\" src=\"https:\/\/static.xx.fbcdn.net\/images\/emoji.php\/v9\/taa\/1\/18\/2764.png\" alt=\"\" width=\"18\" height=\"18\" \/><\/span><\/div>\n","protected":false},"excerpt":{"rendered":"<p>Le mot \u201croutine\u201d est triste et ennuyeux. Je sens que ce mot plombe mon \u00e9nergie. Je sens que derri\u00e8re ce terme se cache bien plus. Quelque chose de beaucoup plus grand et puissant. De plus sacr\u00e9. Alors oui on peut parler aussi de \u201crituel\u201d, mais perso, je trouve ce terme trop lourd, moins \u201cfluide\u201d. Je [&hellip;]<\/p>\n","protected":false},"author":1,"featured_media":5341,"comment_status":"open","ping_status":"open","sticky":false,"template":"","format":"standard","meta":{"spay_email":"","jetpack_publicize_message":"","jetpack_is_tweetstorm":false},"categories":[1],"tags":[],"jetpack_featured_media_url":"https:\/\/i0.wp.com\/juliededry.be\/wp-content\/uploads\/2019\/02\/Julie-Dedry-3174.jpg?fit=3543%2C2362&ssl=1","jetpack_publicize_connections":[],"yoast_head":"<!-- This site is optimized with the Yoast SEO plugin v15.7 - https:\/\/yoast.com\/wordpress\/plugins\/seo\/ -->\n<title>La c\u00e9l\u00e9bration vs. les routines - Julie Dedry<\/title>\n<meta name=\"robots\" content=\"index, follow, max-snippet:-1, max-image-preview:large, max-video-preview:-1\" \/>\n<link rel=\"canonical\" href=\"https:\/\/juliededry.be\/index.php\/2019\/02\/17\/la-celebration-vs-les-routines\/\" \/>\n<meta property=\"og:locale\" content=\"fr_FR\" \/>\n<meta property=\"og:type\" content=\"article\" \/>\n<meta property=\"og:title\" content=\"La c\u00e9l\u00e9bration vs. les routines - Julie Dedry\" \/>\n<meta property=\"og:description\" content=\"Le mot \u201croutine\u201d est triste et ennuyeux. Je sens que ce mot plombe mon \u00e9nergie. Je sens que derri\u00e8re ce terme se cache bien plus. Quelque chose de beaucoup plus grand et puissant. De plus sacr\u00e9. Alors oui on peut parler aussi de \u201crituel\u201d, mais perso, je trouve ce terme trop lourd, moins \u201cfluide\u201d. Je [&hellip;]\" \/>\n<meta property=\"og:url\" content=\"https:\/\/juliededry.be\/index.php\/2019\/02\/17\/la-celebration-vs-les-routines\/\" \/>\n<meta property=\"og:site_name\" content=\"Julie Dedry\" \/>\n<meta property=\"article:published_time\" content=\"2019-02-17T19:23:15+00:00\" \/>\n<meta property=\"article:modified_time\" content=\"2019-02-18T20:35:10+00:00\" \/>\n<meta property=\"og:image\" content=\"https:\/\/juliededry.be\/wp-content\/uploads\/2019\/02\/Julie-Dedry-3174-1024x683.jpg\" \/>\n\t<meta property=\"og:image:width\" content=\"1024\" \/>\n\t<meta property=\"og:image:height\" content=\"683\" \/>\n<meta name=\"twitter:card\" content=\"summary_large_image\" \/>\n<meta name=\"twitter:label1\" content=\"Dur\u00e9e de lecture est.\">\n\t<meta name=\"twitter:data1\" content=\"2 minutes\">\n<script type=\"application\/ld+json\" class=\"yoast-schema-graph\">{\"@context\":\"https:\/\/schema.org\",\"@graph\":[{\"@type\":\"WebSite\",\"@id\":\"https:\/\/juliededry.be\/#website\",\"url\":\"https:\/\/juliededry.be\/\",\"name\":\"Julie Dedry\",\"description\":\"Cr\\u00e9atrice de routines sur mesure\",\"potentialAction\":[{\"@type\":\"SearchAction\",\"target\":\"https:\/\/juliededry.be\/?s={search_term_string}\",\"query-input\":\"required name=search_term_string\"}],\"inLanguage\":\"fr-FR\"},{\"@type\":\"ImageObject\",\"@id\":\"https:\/\/juliededry.be\/index.php\/2019\/02\/17\/la-celebration-vs-les-routines\/#primaryimage\",\"inLanguage\":\"fr-FR\",\"url\":\"https:\/\/i0.wp.com\/juliededry.be\/wp-content\/uploads\/2019\/02\/Julie-Dedry-3174.jpg?fit=3543%2C2362&ssl=1\",\"width\":3543,\"height\":2362},{\"@type\":\"WebPage\",\"@id\":\"https:\/\/juliededry.be\/index.php\/2019\/02\/17\/la-celebration-vs-les-routines\/#webpage\",\"url\":\"https:\/\/juliededry.be\/index.php\/2019\/02\/17\/la-celebration-vs-les-routines\/\",\"name\":\"La c\\u00e9l\\u00e9bration vs. les routines - Julie Dedry\",\"isPartOf\":{\"@id\":\"https:\/\/juliededry.be\/#website\"},\"primaryImageOfPage\":{\"@id\":\"https:\/\/juliededry.be\/index.php\/2019\/02\/17\/la-celebration-vs-les-routines\/#primaryimage\"},\"datePublished\":\"2019-02-17T19:23:15+00:00\",\"dateModified\":\"2019-02-18T20:35:10+00:00\",\"author\":{\"@id\":\"https:\/\/juliededry.be\/#\/schema\/person\/abcc577d24773ef8b5dfdaaad9dd08aa\"},\"breadcrumb\":{\"@id\":\"https:\/\/juliededry.be\/index.php\/2019\/02\/17\/la-celebration-vs-les-routines\/#breadcrumb\"},\"inLanguage\":\"fr-FR\",\"potentialAction\":[{\"@type\":\"ReadAction\",\"target\":[\"https:\/\/juliededry.be\/index.php\/2019\/02\/17\/la-celebration-vs-les-routines\/\"]}]},{\"@type\":\"BreadcrumbList\",\"@id\":\"https:\/\/juliededry.be\/index.php\/2019\/02\/17\/la-celebration-vs-les-routines\/#breadcrumb\",\"itemListElement\":[{\"@type\":\"ListItem\",\"position\":1,\"item\":{\"@type\":\"WebPage\",\"@id\":\"https:\/\/juliededry.be\/\",\"url\":\"https:\/\/juliededry.be\/\",\"name\":\"Accueil\"}},{\"@type\":\"ListItem\",\"position\":2,\"item\":{\"@type\":\"WebPage\",\"@id\":\"https:\/\/juliededry.be\/index.php\/2019\/02\/17\/la-celebration-vs-les-routines\/\",\"url\":\"https:\/\/juliededry.be\/index.php\/2019\/02\/17\/la-celebration-vs-les-routines\/\",\"name\":\"La c\\u00e9l\\u00e9bration vs. les routines\"}}]},{\"@type\":\"Person\",\"@id\":\"https:\/\/juliededry.be\/#\/schema\/person\/abcc577d24773ef8b5dfdaaad9dd08aa\",\"name\":\"admin1710\",\"image\":{\"@type\":\"ImageObject\",\"@id\":\"https:\/\/juliededry.be\/#personlogo\",\"inLanguage\":\"fr-FR\",\"url\":\"https:\/\/secure.gravatar.com\/avatar\/ad7aa694110f8b801d02e8ec66defb70?s=96&d=mm&r=g\",\"caption\":\"admin1710\"}}]}<\/script>\n<!-- \/ Yoast SEO plugin. -->","jetpack_sharing_enabled":true,"jetpack_shortlink":"https:\/\/wp.me\/paiuL7-1o7","jetpack-related-posts":[{"id":6680,"url":"https:\/\/juliededry.be\/index.php\/2019\/09\/02\/sortir-de-sa-zone-de-confort-grace-aux-routines\/","url_meta":{"origin":5339,"position":0},"title":"Sortir de sa zone de confort gr\u00e2ce aux routines","date":"septembre 2, 2019","format":false,"excerpt":"Qui n\u2019a jamais r\u00eav\u00e9 de changer ses habitudes pour devenir une meilleure version de soi-m\u00eame\u00a0? Et si une p\u00e9riode de transition - de transformation - de vie \u00e9tait le moment id\u00e9al pour se cr\u00e9er de nouveaux rep\u00e8res de vie? Je vous explique pourquoi les routines sont essentielles dans les moments\u2026","rel":"","context":"Article similaire","img":{"alt_text":"","src":"https:\/\/i0.wp.com\/juliededry.be\/wp-content\/uploads\/2019\/09\/JulieDedry-UnLimit-It-0505.jpg?fit=1200%2C800&ssl=1&resize=350%2C200","width":350,"height":200},"classes":[]},{"id":7079,"url":"https:\/\/juliededry.be\/index.php\/2020\/11\/05\/la-routine-du-matin-sensations-purification-et-mise-en-condition\/","url_meta":{"origin":5339,"position":1},"title":"La routine du matin: sensations, purification et mise en condition.","date":"novembre 5, 2020","format":false,"excerpt":"Dans cet article, je vous parle de routine matinale (et de douche froide) et pourquoi leur pratique nous aide \u00e0 \u00e9voluer au travers de la discipline.\u00a0 Pour illustrer mon propos, je vais vous partager ma pratique matinale et mon retour d'exp\u00e9rience \u00e0 ce sujet.\u00a0 J'esp\u00e8re que mon t\u00e9moignage vous inspira\u2026","rel":"","context":"Article similaire","img":{"alt_text":"","src":"https:\/\/i0.wp.com\/juliededry.be\/wp-content\/uploads\/2020\/11\/douche-froide-bienfaits-ou-danger-rawcoco-1170x774-1.jpg?fit=1170%2C774&ssl=1&resize=350%2C200","width":350,"height":200},"classes":[]},{"id":6358,"url":"https:\/\/juliededry.be\/index.php\/2019\/04\/24\/respecter-son-rythme-ou-avoir-de-la-discipline-comment-faire-pour-rester-motive\/","url_meta":{"origin":5339,"position":2},"title":"Respecter son rythme ou avoir de la discipline : comment faire pour rester motiv\u00e9 ?","date":"avril 24, 2019","format":false,"excerpt":"J\u2019ai regard\u00e9 une vid\u00e9o de Will Smith sur insta TV ce matin, et il y pr\u00f4nait la discipline. Cette histoire m\u2019a chipot\u00e9 toute la journ\u00e9e, d'autant plus que je suis en train de lire \"le pouvoir des habitudes\"\u2026 Tous les athl\u00e8tes, les acteurs, les stars ne jurent que par ce\u2026","rel":"","context":"Article similaire","img":{"alt_text":"","src":"https:\/\/i0.wp.com\/juliededry.be\/wp-content\/uploads\/2019\/04\/Discipline.jpg?fit=1200%2C800&ssl=1&resize=350%2C200","width":350,"height":200},"classes":[]},{"id":1,"url":"https:\/\/juliededry.be\/index.php\/2018\/08\/27\/hello-world\/","url_meta":{"origin":5339,"position":3},"title":"Au bon endroit, au bon moment!","date":"ao\u00fbt 27, 2018","format":false,"excerpt":"Avez-vous d\u00e9j\u00e0 v\u00e9cu cette sublime sensation d\u2019\u00eatre au bon endroit au bon moment? Cette sensation est une gr\u00e2ce divine que je vis quotidiennement depuis que j\u2019ai chang\u00e9 de vie.\u00a0La gratitude a remplac\u00e9 la malaise latent de ne pas \u00eatre \u00e0 ma place (ainsi que le sentiment de perdre du temps,\u2026","rel":"","context":"Article similaire","img":{"alt_text":"","src":"https:\/\/i2.wp.com\/juliededry.be\/wp-content\/uploads\/2018\/08\/Julie-Dedry-3612-1.jpg?fit=1200%2C800&ssl=1&resize=350%2C200","width":350,"height":200},"classes":[]},{"id":6567,"url":"https:\/\/juliededry.be\/index.php\/2019\/07\/04\/une-vie-sans-compromis-possible\/","url_meta":{"origin":5339,"position":4},"title":"Vivre une vie align\u00e9e et sans compromis: possible?","date":"juillet 4, 2019","format":false,"excerpt":"Dans cette p\u00e9riode de Transition, de plus en plus de personnes souhaitent vivre une vie align\u00e9e \u00e0 leur nature profonde mais ne savent pas comment s\u2019y prendre pour passer \u00e0 l\u2019action. Unlimit-it propose une m\u00e9thode d\u2019auto-coaching sur mesure : la cr\u00e9ation d\u2019un guide personnel, une sorte de rep\u00e8re pour \u00e9quilibrer\u2026","rel":"","context":"Article similaire","img":{"alt_text":"","src":"https:\/\/i2.wp.com\/juliededry.be\/wp-content\/uploads\/2019\/07\/Ju-2.jpg?fit=1200%2C750&ssl=1&resize=350%2C200","width":350,"height":200},"classes":[]},{"id":6429,"url":"https:\/\/juliededry.be\/index.php\/2019\/04\/11\/interview-trouver-ton-equilibre-de-vie-ideal-avec-julie-par-cindy-mateus\/","url_meta":{"origin":5339,"position":5},"title":"Interview: Trouver son \u00e9quilibre de vie id\u00e9al avec Julie (par Cindy Mateus)","date":"avril 11, 2019","format":false,"excerpt":"Interview extraite du blog de Cindy Mateus. Retrouvez l'article original sur son blog. Merci \u00e0 elle pour ce super moment ! Devenir entrepreneur est une \u00e9tape \u00e9prouvante\u00a0; on cherche \u00e0 d\u00e9couvrir notre don et comment l\u2019exploiter pour le convertir en business plan. Pour le premier sujet consacr\u00e9 \u00e0 l\u2019entrepreneuriat et\u2026","rel":"","context":"Dans &quot;Article&quot;","img":{"alt_text":"","src":"https:\/\/i1.wp.com\/juliededry.be\/wp-content\/uploads\/2019\/04\/interview.jpg?fit=1200%2C800&ssl=1&resize=350%2C200","width":350,"height":200},"classes":[]}],"_links":{"self":[{"href":"https:\/\/juliededry.be\/index.php\/wp-json\/wp\/v2\/posts\/5339"}],"collection":[{"href":"https:\/\/juliededry.be\/index.php\/wp-json\/wp\/v2\/posts"}],"about":[{"href":"https:\/\/juliededry.be\/index.php\/wp-json\/wp\/v2\/types\/post"}],"author":[{"embeddable":true,"href":"https:\/\/juliededry.be\/index.php\/wp-json\/wp\/v2\/users\/1"}],"replies":[{"embeddable":true,"href":"https:\/\/juliededry.be\/index.php\/wp-json\/wp\/v2\/comments?post=5339"}],"version-history":[{"count":6,"href":"https:\/\/juliededry.be\/index.php\/wp-json\/wp\/v2\/posts\/5339\/revisions"}],"predecessor-version":[{"id":5447,"href":"https:\/\/juliededry.be\/index.php\/wp-json\/wp\/v2\/posts\/5339\/revisions\/5447"}],"wp:featuredmedia":[{"embeddable":true,"href":"https:\/\/juliededry.be\/index.php\/wp-json\/wp\/v2\/media\/5341"}],"wp:attachment":[{"href":"https:\/\/juliededry.be\/index.php\/wp-json\/wp\/v2\/media?parent=5339"}],"wp:term":[{"taxonomy":"category","embeddable":true,"href":"https:\/\/juliededry.be\/index.php\/wp-json\/wp\/v2\/categories?post=5339"},{"taxonomy":"post_tag","embeddable":true,"href":"https:\/\/juliededry.be\/index.php\/wp-json\/wp\/v2\/tags?post=5339"}],"curies":[{"name":"wp","href":"https:\/\/api.w.org\/{rel}","templated":true}]}}