{"id":6196,"date":"2019-04-05T19:17:49","date_gmt":"2019-04-05T19:17:49","guid":{"rendered":"https:\/\/juliededry.be\/?p=6196"},"modified":"2019-04-23T19:43:54","modified_gmt":"2019-04-23T19:43:54","slug":"connaissez-vous-vos-parts-dombres","status":"publish","type":"post","link":"https:\/\/juliededry.be\/index.php\/2019\/04\/05\/connaissez-vous-vos-parts-dombres\/","title":{"rendered":"Connaissez-vous vos parts d\u2019ombres ?"},"content":{"rendered":"\n<p>Je ne sais pas pour vous, mais je suis tr\u00e8s sensible au rythme de la nature. Vous avez surement d\u00fb remarquer que nous venions de vivre un super pleine lune il y a 2 semaines. Et qui dit pleine lune, dit danse entre ombre et lumi\u00e8re.<\/p>\n\n\n\n<p>Dans le monde invisible (ou \u00e9nerg\u00e9tique, appelez-le comme vous le voulez), la lune a un effet direct sur nos parts d\u2019ombres. Elle met en lumi\u00e8re les cot\u00e9s un peu moins fun de notre \u00eatre. La lune met en lumi\u00e8re nos cot\u00e9s obscurs. <\/p>\n\n\n\n<p>Ce n\u2019est pas toujours tr\u00e8s agr\u00e9able : cauchemars, irritabilit\u00e9, nervosit\u00e9\u2026 Tout ce que nous essayons de (nous) cacher ressort de fa\u00e7on parfois inconfortable.<\/p>\n\n\n\n<p>Dans le d\u00e9veloppement personnel et\nspirituel actuel, on parle beaucoup de notre lumi\u00e8re, de notre rayonnement.\nCela est \u00e9videment plus joli, plus glamour.<\/p>\n\n\n\n<p>Depuis que je me suis reconnect\u00e9e \u00e0 ma\nlumi\u00e8re et que je me suis autoris\u00e9e \u00e0 la laisser briller publiquement, je suis\n\u00e9galement confront\u00e9e dans la m\u00eame mesure \u00e0 mes zones d\u2019ombres. Et \u00e7a, c\u2019est pas\ntr\u00e8s funky.<\/p>\n\n\n\n<p>J\u2019ai pass\u00e9 ces derni\u00e8res semaines de fa\u00e7on compl\u00e8tement chaotique, sans ancrage. J\u2019avais l\u2019impression que rien n\u2019allait, que plus rien n\u2019\u00e9tait clair, que mon \u00e9nergie avait disparu. Heureusement, je savais que la pleine lune \u00e9tait en train de me r\u00e9v\u00e9ler ce que j\u2019avais encore \u00e0 transformer et j\u2019\u00e9tais pr\u00eate \u00e0 vivre ces moments d\u00e9stabilisants. Je dois m\u00eame avouer que j\u2019attends ces moments parfois avec impatience car ce sont des moments qui m\u2019en apprennent plus sur moi, sans que je n\u2019ai besoin de rien faire ni d\u2019analyser !<\/p>\n\n\n\n<p>Cela m\u2019a fait repenser \u00e0 ce que j\u2019explique\ndans mes s\u00e9minaires&nbsp;: utiliser les outils de d\u00e9veloppement personnel ou\nd\u2019organisation sans se conna\u00eetre r\u00e9ellement est compl\u00e9tement inutile. Et \u00e0\ncontrario, se concentrer uniquement sur la connaissance de soi, sans ancrage et\nsans transformer sa spiritualit\u00e9 dans des actions concr\u00e8tes n\u2019a aucun sens.<\/p>\n\n\n\n<p>Il n\u2019y a pas de d\u00e9marche vers une vie\nalign\u00e9e et \u00e9quilibr\u00e9e sans avoir le courage de se regarder authentiquement. <\/p>\n\n\n\n<p>Et ce que je sais aussi de cette d\u00e9marche, c\u2019est que nous sommes nos propres maitres. Personne ne peut r\u00e9soudre vos parts d\u2019ombres.&nbsp; N\u2019attendez pas d\u2019un th\u00e9rapeute, quel qu\u2019il soit, qu\u2019il vous gu\u00e9risse. Vous seul avez le pouvoir et la responsabilit\u00e9 de vous prendre en main. Ne soyez pas passif, ou simple consommateur de m\u00e9thodes ! Bien s\u00fbr, les th\u00e9rapeutes vont vous aider \u00e0 mettre le doigt sur ce qui doit \u00eatre travaill\u00e9, mais vous seul avez le pouvoir de vous \u00e9lever.<\/p>\n\n\n\n<p>Voici comment je m\u2019y prends pour g\u00e9rer mes\nblocages ch\u00e9ris&nbsp;:<\/p>\n\n\n\n<ul><li>Je remercie la lune, la vie, la\nsituation de mettre en lumi\u00e8re ce qui doit encore \u00eatre travaill\u00e9&nbsp;;<\/li><li>Je me retire, je passe du temps\nseule, dans le calme aussi longtemps que n\u00e9cessaire&nbsp;;<\/li><li>Je me reconnecte \u00e0 mon\nintuition pour comprendre l\u2019ombre \u00e0 transformer&nbsp;;<\/li><li>Je m\u2019entoure d\u2019oreilles\nattentives, de personnes plus avanc\u00e9es sur le point en question et je les\ncontacte pour comprendre la fa\u00e7on dont ils ont g\u00e9r\u00e9 cette transformation&nbsp;;<\/li><li>Je lache-prise et accepte cette\nphase d\u2019initiation, sans en connaitre sa dur\u00e9e&nbsp;;<\/li><li>Je garde la foi in\u00e9branlable\nque dans chaque moment difficile un enseignement pr\u00e9cieux se cache et va\naugmenter mon confort de fa\u00e7on proportionnelle par la suite&nbsp;;<\/li><li>Je passe \u00e0 l\u2019action,\nj\u2019exp\u00e9rimente. Je mets en application directement ce nouvel apprentissage en\nprenant mon courage \u00e0 deux mains.<\/li><\/ul>\n\n\n\n<p>Attention&nbsp;: passer trop de temps du\ncot\u00e9 de ses zones d\u2019ombres n\u2019est pas sain non plus&nbsp;! Nettoyer pour\nnettoyer ne sert \u00e0 rien. Il est alors facile de se complaindre, et de se\ncomplaire. <\/p>\n\n\n\n<p>D\u00e9velopper votre lumi\u00e8re en boostant vos\nforces, vos talents autant que vos ombres. Ni plus, ni moins.<\/p>\n\n\n\n<p>Il y a un \u00e9quilibre \u00e0 respecter dans toute\nd\u00e9marche de reconnexion \u00e0 soi et je vous souhaite de le trouver&nbsp;! <\/p>\n\n\n\n<p>Et si vous avez besoin de temps, d\u2019une structure et d\u2019\u00e9nergie pour le faire&nbsp;: je donne des <a href=\"https:\/\/juliededry.be\/index.php\/boutique-2\/\">s\u00e9minaires d\u2019une journ\u00e9e pour aligner et \u00e9quilibrer vos 5 domaines de vie<\/a>&nbsp;!<\/p>\n","protected":false},"excerpt":{"rendered":"<p>Je ne sais pas pour vous, mais je suis tr\u00e8s sensible au rythme de la nature. Vous avez surement d\u00fb remarquer que nous venions de vivre un super pleine lune il y a 2 semaines. Et qui dit pleine lune, dit danse entre ombre et lumi\u00e8re. Dans le monde invisible (ou \u00e9nerg\u00e9tique, appelez-le comme vous [&hellip;]<\/p>\n","protected":false},"author":1,"featured_media":6356,"comment_status":"open","ping_status":"open","sticky":false,"template":"","format":"standard","meta":{"spay_email":"","jetpack_publicize_message":"","jetpack_is_tweetstorm":false},"categories":[1],"tags":[],"jetpack_featured_media_url":"https:\/\/i2.wp.com\/juliededry.be\/wp-content\/uploads\/2019\/04\/lune.png?fit=425%2C283&ssl=1","jetpack_publicize_connections":[],"yoast_head":"<!-- This site is optimized with the Yoast SEO plugin v15.7 - https:\/\/yoast.com\/wordpress\/plugins\/seo\/ -->\n<title>Connaissez-vous vos parts d\u2019ombres ? - Julie Dedry<\/title>\n<meta name=\"robots\" content=\"index, follow, max-snippet:-1, max-image-preview:large, max-video-preview:-1\" \/>\n<link rel=\"canonical\" href=\"https:\/\/juliededry.be\/index.php\/2019\/04\/05\/connaissez-vous-vos-parts-dombres\/\" \/>\n<meta property=\"og:locale\" content=\"fr_FR\" \/>\n<meta property=\"og:type\" content=\"article\" \/>\n<meta property=\"og:title\" content=\"Connaissez-vous vos parts d\u2019ombres ? - Julie Dedry\" \/>\n<meta property=\"og:description\" content=\"Je ne sais pas pour vous, mais je suis tr\u00e8s sensible au rythme de la nature. Vous avez surement d\u00fb remarquer que nous venions de vivre un super pleine lune il y a 2 semaines. Et qui dit pleine lune, dit danse entre ombre et lumi\u00e8re. Dans le monde invisible (ou \u00e9nerg\u00e9tique, appelez-le comme vous [&hellip;]\" \/>\n<meta property=\"og:url\" content=\"https:\/\/juliededry.be\/index.php\/2019\/04\/05\/connaissez-vous-vos-parts-dombres\/\" \/>\n<meta property=\"og:site_name\" content=\"Julie Dedry\" \/>\n<meta property=\"article:published_time\" content=\"2019-04-05T19:17:49+00:00\" \/>\n<meta property=\"article:modified_time\" content=\"2019-04-23T19:43:54+00:00\" \/>\n<meta property=\"og:image\" content=\"https:\/\/i2.wp.com\/juliededry.be\/wp-content\/uploads\/2019\/04\/lune.png?fit=425%2C283&#038;ssl=1\" \/>\n\t<meta property=\"og:image:width\" content=\"425\" \/>\n\t<meta property=\"og:image:height\" content=\"283\" \/>\n<meta name=\"twitter:card\" content=\"summary_large_image\" \/>\n<meta name=\"twitter:label1\" content=\"Dur\u00e9e de lecture est.\">\n\t<meta name=\"twitter:data1\" content=\"4 minutes\">\n<script type=\"application\/ld+json\" class=\"yoast-schema-graph\">{\"@context\":\"https:\/\/schema.org\",\"@graph\":[{\"@type\":\"WebSite\",\"@id\":\"https:\/\/juliededry.be\/#website\",\"url\":\"https:\/\/juliededry.be\/\",\"name\":\"Julie Dedry\",\"description\":\"Cr\\u00e9atrice de routines sur mesure\",\"potentialAction\":[{\"@type\":\"SearchAction\",\"target\":\"https:\/\/juliededry.be\/?s={search_term_string}\",\"query-input\":\"required name=search_term_string\"}],\"inLanguage\":\"fr-FR\"},{\"@type\":\"ImageObject\",\"@id\":\"https:\/\/juliededry.be\/index.php\/2019\/04\/05\/connaissez-vous-vos-parts-dombres\/#primaryimage\",\"inLanguage\":\"fr-FR\",\"url\":\"https:\/\/i2.wp.com\/juliededry.be\/wp-content\/uploads\/2019\/04\/lune.png?fit=425%2C283&ssl=1\",\"width\":425,\"height\":283},{\"@type\":\"WebPage\",\"@id\":\"https:\/\/juliededry.be\/index.php\/2019\/04\/05\/connaissez-vous-vos-parts-dombres\/#webpage\",\"url\":\"https:\/\/juliededry.be\/index.php\/2019\/04\/05\/connaissez-vous-vos-parts-dombres\/\",\"name\":\"Connaissez-vous vos parts d\\u2019ombres ? - Julie Dedry\",\"isPartOf\":{\"@id\":\"https:\/\/juliededry.be\/#website\"},\"primaryImageOfPage\":{\"@id\":\"https:\/\/juliededry.be\/index.php\/2019\/04\/05\/connaissez-vous-vos-parts-dombres\/#primaryimage\"},\"datePublished\":\"2019-04-05T19:17:49+00:00\",\"dateModified\":\"2019-04-23T19:43:54+00:00\",\"author\":{\"@id\":\"https:\/\/juliededry.be\/#\/schema\/person\/abcc577d24773ef8b5dfdaaad9dd08aa\"},\"breadcrumb\":{\"@id\":\"https:\/\/juliededry.be\/index.php\/2019\/04\/05\/connaissez-vous-vos-parts-dombres\/#breadcrumb\"},\"inLanguage\":\"fr-FR\",\"potentialAction\":[{\"@type\":\"ReadAction\",\"target\":[\"https:\/\/juliededry.be\/index.php\/2019\/04\/05\/connaissez-vous-vos-parts-dombres\/\"]}]},{\"@type\":\"BreadcrumbList\",\"@id\":\"https:\/\/juliededry.be\/index.php\/2019\/04\/05\/connaissez-vous-vos-parts-dombres\/#breadcrumb\",\"itemListElement\":[{\"@type\":\"ListItem\",\"position\":1,\"item\":{\"@type\":\"WebPage\",\"@id\":\"https:\/\/juliededry.be\/\",\"url\":\"https:\/\/juliededry.be\/\",\"name\":\"Accueil\"}},{\"@type\":\"ListItem\",\"position\":2,\"item\":{\"@type\":\"WebPage\",\"@id\":\"https:\/\/juliededry.be\/index.php\/2019\/04\/05\/connaissez-vous-vos-parts-dombres\/\",\"url\":\"https:\/\/juliededry.be\/index.php\/2019\/04\/05\/connaissez-vous-vos-parts-dombres\/\",\"name\":\"Connaissez-vous vos parts d\\u2019ombres ?\"}}]},{\"@type\":\"Person\",\"@id\":\"https:\/\/juliededry.be\/#\/schema\/person\/abcc577d24773ef8b5dfdaaad9dd08aa\",\"name\":\"admin1710\",\"image\":{\"@type\":\"ImageObject\",\"@id\":\"https:\/\/juliededry.be\/#personlogo\",\"inLanguage\":\"fr-FR\",\"url\":\"https:\/\/secure.gravatar.com\/avatar\/ad7aa694110f8b801d02e8ec66defb70?s=96&d=mm&r=g\",\"caption\":\"admin1710\"}}]}<\/script>\n<!-- \/ Yoast SEO plugin. -->","jetpack_sharing_enabled":true,"jetpack_shortlink":"https:\/\/wp.me\/paiuL7-1BW","jetpack-related-posts":[{"id":6429,"url":"https:\/\/juliededry.be\/index.php\/2019\/04\/11\/interview-trouver-ton-equilibre-de-vie-ideal-avec-julie-par-cindy-mateus\/","url_meta":{"origin":6196,"position":0},"title":"Interview: Trouver son \u00e9quilibre de vie id\u00e9al avec Julie (par Cindy Mateus)","date":"avril 11, 2019","format":false,"excerpt":"Interview extraite du blog de Cindy Mateus. Retrouvez l'article original sur son blog. Merci \u00e0 elle pour ce super moment ! Devenir entrepreneur est une \u00e9tape \u00e9prouvante\u00a0; on cherche \u00e0 d\u00e9couvrir notre don et comment l\u2019exploiter pour le convertir en business plan. Pour le premier sujet consacr\u00e9 \u00e0 l\u2019entrepreneuriat et\u2026","rel":"","context":"Dans &quot;Article&quot;","img":{"alt_text":"","src":"https:\/\/i1.wp.com\/juliededry.be\/wp-content\/uploads\/2019\/04\/interview.jpg?fit=1200%2C800&ssl=1&resize=350%2C200","width":350,"height":200},"classes":[]},{"id":7079,"url":"https:\/\/juliededry.be\/index.php\/2020\/11\/05\/la-routine-du-matin-sensations-purification-et-mise-en-condition\/","url_meta":{"origin":6196,"position":1},"title":"La routine du matin: sensations, purification et mise en condition.","date":"novembre 5, 2020","format":false,"excerpt":"Dans cet article, je vous parle de routine matinale (et de douche froide) et pourquoi leur pratique nous aide \u00e0 \u00e9voluer au travers de la discipline.\u00a0 Pour illustrer mon propos, je vais vous partager ma pratique matinale et mon retour d'exp\u00e9rience \u00e0 ce sujet.\u00a0 J'esp\u00e8re que mon t\u00e9moignage vous inspira\u2026","rel":"","context":"Article similaire","img":{"alt_text":"","src":"https:\/\/i0.wp.com\/juliededry.be\/wp-content\/uploads\/2020\/11\/douche-froide-bienfaits-ou-danger-rawcoco-1170x774-1.jpg?fit=1170%2C774&ssl=1&resize=350%2C200","width":350,"height":200},"classes":[]},{"id":7151,"url":"https:\/\/juliededry.be\/index.php\/2021\/09\/13\/retour-dexperience-se-lever-avec-les-poules\/","url_meta":{"origin":6196,"position":2},"title":"Retour d'exp\u00e9rience: se lever avec les poules.","date":"septembre 13, 2021","format":false,"excerpt":"La r\u00e9daction de cet article a pour but de vous partager mon exp\u00e9rience en lever matinal, activit\u00e9 que je pratique quotidiennement depuis 6 mois maintenant. J\u2019esp\u00e8re que cela vous inspirera et vous aidera tr\u00e8s concr\u00e8tement \u00e0 tester ce magnifique moment! Pourquoi j\u2019ai tent\u00e9 l\u2019aventure Cela fait plusieurs ann\u00e9es que j\u2019entends\u2026","rel":"","context":"Article similaire","img":{"alt_text":"","src":"https:\/\/i1.wp.com\/juliededry.be\/wp-content\/uploads\/2021\/09\/20210428_063341-scaled.jpg?fit=1200%2C900&ssl=1&resize=350%2C200","width":350,"height":200},"classes":[]},{"id":6567,"url":"https:\/\/juliededry.be\/index.php\/2019\/07\/04\/une-vie-sans-compromis-possible\/","url_meta":{"origin":6196,"position":3},"title":"Vivre une vie align\u00e9e et sans compromis: possible?","date":"juillet 4, 2019","format":false,"excerpt":"Dans cette p\u00e9riode de Transition, de plus en plus de personnes souhaitent vivre une vie align\u00e9e \u00e0 leur nature profonde mais ne savent pas comment s\u2019y prendre pour passer \u00e0 l\u2019action. Unlimit-it propose une m\u00e9thode d\u2019auto-coaching sur mesure : la cr\u00e9ation d\u2019un guide personnel, une sorte de rep\u00e8re pour \u00e9quilibrer\u2026","rel":"","context":"Article similaire","img":{"alt_text":"","src":"https:\/\/i2.wp.com\/juliededry.be\/wp-content\/uploads\/2019\/07\/Ju-2.jpg?fit=1200%2C750&ssl=1&resize=350%2C200","width":350,"height":200},"classes":[]},{"id":5339,"url":"https:\/\/juliededry.be\/index.php\/2019\/02\/17\/la-celebration-vs-les-routines\/","url_meta":{"origin":6196,"position":4},"title":"La c\u00e9l\u00e9bration vs. les routines","date":"f\u00e9vrier 17, 2019","format":false,"excerpt":"Le mot \u201croutine\u201d est triste et ennuyeux. Je sens que ce mot plombe mon \u00e9nergie. Je sens que derri\u00e8re ce terme se cache bien plus. Quelque chose de beaucoup plus grand et puissant. De plus sacr\u00e9. Alors oui on peut parler aussi de \u201crituel\u201d, mais perso, je trouve ce terme\u2026","rel":"","context":"Article similaire","img":{"alt_text":"","src":"https:\/\/i0.wp.com\/juliededry.be\/wp-content\/uploads\/2019\/02\/Julie-Dedry-3174.jpg?fit=1200%2C800&ssl=1&resize=350%2C200","width":350,"height":200},"classes":[]},{"id":6358,"url":"https:\/\/juliededry.be\/index.php\/2019\/04\/24\/respecter-son-rythme-ou-avoir-de-la-discipline-comment-faire-pour-rester-motive\/","url_meta":{"origin":6196,"position":5},"title":"Respecter son rythme ou avoir de la discipline : comment faire pour rester motiv\u00e9 ?","date":"avril 24, 2019","format":false,"excerpt":"J\u2019ai regard\u00e9 une vid\u00e9o de Will Smith sur insta TV ce matin, et il y pr\u00f4nait la discipline. Cette histoire m\u2019a chipot\u00e9 toute la journ\u00e9e, d'autant plus que je suis en train de lire \"le pouvoir des habitudes\"\u2026 Tous les athl\u00e8tes, les acteurs, les stars ne jurent que par ce\u2026","rel":"","context":"Article similaire","img":{"alt_text":"","src":"https:\/\/i0.wp.com\/juliededry.be\/wp-content\/uploads\/2019\/04\/Discipline.jpg?fit=1200%2C800&ssl=1&resize=350%2C200","width":350,"height":200},"classes":[]}],"_links":{"self":[{"href":"https:\/\/juliededry.be\/index.php\/wp-json\/wp\/v2\/posts\/6196"}],"collection":[{"href":"https:\/\/juliededry.be\/index.php\/wp-json\/wp\/v2\/posts"}],"about":[{"href":"https:\/\/juliededry.be\/index.php\/wp-json\/wp\/v2\/types\/post"}],"author":[{"embeddable":true,"href":"https:\/\/juliededry.be\/index.php\/wp-json\/wp\/v2\/users\/1"}],"replies":[{"embeddable":true,"href":"https:\/\/juliededry.be\/index.php\/wp-json\/wp\/v2\/comments?post=6196"}],"version-history":[{"count":2,"href":"https:\/\/juliededry.be\/index.php\/wp-json\/wp\/v2\/posts\/6196\/revisions"}],"predecessor-version":[{"id":6355,"href":"https:\/\/juliededry.be\/index.php\/wp-json\/wp\/v2\/posts\/6196\/revisions\/6355"}],"wp:featuredmedia":[{"embeddable":true,"href":"https:\/\/juliededry.be\/index.php\/wp-json\/wp\/v2\/media\/6356"}],"wp:attachment":[{"href":"https:\/\/juliededry.be\/index.php\/wp-json\/wp\/v2\/media?parent=6196"}],"wp:term":[{"taxonomy":"category","embeddable":true,"href":"https:\/\/juliededry.be\/index.php\/wp-json\/wp\/v2\/categories?post=6196"},{"taxonomy":"post_tag","embeddable":true,"href":"https:\/\/juliededry.be\/index.php\/wp-json\/wp\/v2\/tags?post=6196"}],"curies":[{"name":"wp","href":"https:\/\/api.w.org\/{rel}","templated":true}]}}