{"id":6423,"date":"2018-09-27T13:59:16","date_gmt":"2018-09-27T13:59:16","guid":{"rendered":"https:\/\/juliededry.be\/?p=6423"},"modified":"2019-04-25T14:04:09","modified_gmt":"2019-04-25T14:04:09","slug":"video-charge-mentale-comment-y-remedier-en-4-etapes-avec-olivier-juprelle","status":"publish","type":"post","link":"https:\/\/juliededry.be\/index.php\/2018\/09\/27\/video-charge-mentale-comment-y-remedier-en-4-etapes-avec-olivier-juprelle\/","title":{"rendered":"Video: charge mentale: comment y rem\u00e9dier en 4 \u00e9tapes (avec Olivier Juprelle)"},"content":{"rendered":"\n<p>Charge mentale : comment y rem\u00e9dier? Voici 4 \u00e9tapes machiav\u00e9liques&#8230;<\/p>\n\n\n\n<p>J&#8217;ai \u00e9t\u00e9 invit\u00e9 par Olivier Juprelle de <a href=\"http:\/\/strat\u00e9gievideo.com\">strat\u00e9gievideo.com<\/a> pour tourner une vid\u00e9o sur la charge mentale. <\/p>\n\n\n\n<p>Si vous cherchez \u00e0 vous former sur la video, allez voir le site de Olivier ! <\/p>\n\n\n\n<figure class=\"wp-block-embed-youtube wp-block-embed is-type-video is-provider-youtube wp-embed-aspect-16-9 wp-has-aspect-ratio\"><div class=\"wp-block-embed__wrapper\">\n<span class=\"embed-youtube\" style=\"text-align:center; display: block;\"><iframe class='youtube-player' width='1200' height='675' src='https:\/\/www.youtube.com\/embed\/kbioOI3AXeU?version=3&#038;rel=1&#038;showsearch=0&#038;showinfo=1&#038;iv_load_policy=1&#038;fs=1&#038;hl=fr-FR&#038;autohide=2&#038;wmode=transparent' allowfullscreen='true' style='border:0;' sandbox='allow-scripts allow-same-origin allow-popups allow-presentation'><\/iframe><\/span>\n<\/div><\/figure>\n","protected":false},"excerpt":{"rendered":"<p>Charge mentale : comment y rem\u00e9dier? Voici 4 \u00e9tapes machiav\u00e9liques&#8230; J&#8217;ai \u00e9t\u00e9 invit\u00e9 par Olivier Juprelle de strat\u00e9gievideo.com pour tourner une vid\u00e9o sur la charge mentale. Si vous cherchez \u00e0 vous former sur la video, allez voir le site de Olivier !<\/p>\n","protected":false},"author":1,"featured_media":6427,"comment_status":"open","ping_status":"open","sticky":false,"template":"","format":"standard","meta":{"spay_email":"","jetpack_publicize_message":"","jetpack_is_tweetstorm":false},"categories":[1],"tags":[],"jetpack_featured_media_url":"https:\/\/i2.wp.com\/juliededry.be\/wp-content\/uploads\/2019\/04\/Screenshot-2019-04-25-at-16.01.38.png?fit=683%2C385&ssl=1","jetpack_publicize_connections":[],"yoast_head":"<!-- This site is optimized with the Yoast SEO plugin v15.7 - https:\/\/yoast.com\/wordpress\/plugins\/seo\/ -->\n<title>Video: charge mentale: comment y rem\u00e9dier en 4 \u00e9tapes (avec Olivier Juprelle) - Julie Dedry<\/title>\n<meta name=\"robots\" content=\"index, follow, max-snippet:-1, max-image-preview:large, max-video-preview:-1\" \/>\n<link rel=\"canonical\" href=\"https:\/\/juliededry.be\/index.php\/2018\/09\/27\/video-charge-mentale-comment-y-remedier-en-4-etapes-avec-olivier-juprelle\/\" \/>\n<meta property=\"og:locale\" content=\"fr_FR\" \/>\n<meta property=\"og:type\" content=\"article\" \/>\n<meta property=\"og:title\" content=\"Video: charge mentale: comment y rem\u00e9dier en 4 \u00e9tapes (avec Olivier Juprelle) - Julie Dedry\" \/>\n<meta property=\"og:description\" content=\"Charge mentale : comment y rem\u00e9dier? Voici 4 \u00e9tapes machiav\u00e9liques&#8230; J&#8217;ai \u00e9t\u00e9 invit\u00e9 par Olivier Juprelle de strat\u00e9gievideo.com pour tourner une vid\u00e9o sur la charge mentale. Si vous cherchez \u00e0 vous former sur la video, allez voir le site de Olivier !\" \/>\n<meta property=\"og:url\" content=\"https:\/\/juliededry.be\/index.php\/2018\/09\/27\/video-charge-mentale-comment-y-remedier-en-4-etapes-avec-olivier-juprelle\/\" \/>\n<meta property=\"og:site_name\" content=\"Julie Dedry\" \/>\n<meta property=\"article:published_time\" content=\"2018-09-27T13:59:16+00:00\" \/>\n<meta property=\"article:modified_time\" content=\"2019-04-25T14:04:09+00:00\" \/>\n<meta property=\"og:image\" content=\"https:\/\/i2.wp.com\/juliededry.be\/wp-content\/uploads\/2019\/04\/Screenshot-2019-04-25-at-16.01.38.png?fit=683%2C385&#038;ssl=1\" \/>\n\t<meta property=\"og:image:width\" content=\"683\" \/>\n\t<meta property=\"og:image:height\" content=\"385\" \/>\n<meta name=\"twitter:card\" content=\"summary_large_image\" \/>\n<script type=\"application\/ld+json\" class=\"yoast-schema-graph\">{\"@context\":\"https:\/\/schema.org\",\"@graph\":[{\"@type\":\"WebSite\",\"@id\":\"https:\/\/juliededry.be\/#website\",\"url\":\"https:\/\/juliededry.be\/\",\"name\":\"Julie Dedry\",\"description\":\"Cr\\u00e9atrice de routines sur mesure\",\"potentialAction\":[{\"@type\":\"SearchAction\",\"target\":\"https:\/\/juliededry.be\/?s={search_term_string}\",\"query-input\":\"required name=search_term_string\"}],\"inLanguage\":\"fr-FR\"},{\"@type\":\"ImageObject\",\"@id\":\"https:\/\/juliededry.be\/index.php\/2018\/09\/27\/video-charge-mentale-comment-y-remedier-en-4-etapes-avec-olivier-juprelle\/#primaryimage\",\"inLanguage\":\"fr-FR\",\"url\":\"https:\/\/i2.wp.com\/juliededry.be\/wp-content\/uploads\/2019\/04\/Screenshot-2019-04-25-at-16.01.38.png?fit=683%2C385&ssl=1\",\"width\":683,\"height\":385},{\"@type\":\"WebPage\",\"@id\":\"https:\/\/juliededry.be\/index.php\/2018\/09\/27\/video-charge-mentale-comment-y-remedier-en-4-etapes-avec-olivier-juprelle\/#webpage\",\"url\":\"https:\/\/juliededry.be\/index.php\/2018\/09\/27\/video-charge-mentale-comment-y-remedier-en-4-etapes-avec-olivier-juprelle\/\",\"name\":\"Video: charge mentale: comment y rem\\u00e9dier en 4 \\u00e9tapes (avec Olivier Juprelle) - Julie Dedry\",\"isPartOf\":{\"@id\":\"https:\/\/juliededry.be\/#website\"},\"primaryImageOfPage\":{\"@id\":\"https:\/\/juliededry.be\/index.php\/2018\/09\/27\/video-charge-mentale-comment-y-remedier-en-4-etapes-avec-olivier-juprelle\/#primaryimage\"},\"datePublished\":\"2018-09-27T13:59:16+00:00\",\"dateModified\":\"2019-04-25T14:04:09+00:00\",\"author\":{\"@id\":\"https:\/\/juliededry.be\/#\/schema\/person\/abcc577d24773ef8b5dfdaaad9dd08aa\"},\"breadcrumb\":{\"@id\":\"https:\/\/juliededry.be\/index.php\/2018\/09\/27\/video-charge-mentale-comment-y-remedier-en-4-etapes-avec-olivier-juprelle\/#breadcrumb\"},\"inLanguage\":\"fr-FR\",\"potentialAction\":[{\"@type\":\"ReadAction\",\"target\":[\"https:\/\/juliededry.be\/index.php\/2018\/09\/27\/video-charge-mentale-comment-y-remedier-en-4-etapes-avec-olivier-juprelle\/\"]}]},{\"@type\":\"BreadcrumbList\",\"@id\":\"https:\/\/juliededry.be\/index.php\/2018\/09\/27\/video-charge-mentale-comment-y-remedier-en-4-etapes-avec-olivier-juprelle\/#breadcrumb\",\"itemListElement\":[{\"@type\":\"ListItem\",\"position\":1,\"item\":{\"@type\":\"WebPage\",\"@id\":\"https:\/\/juliededry.be\/\",\"url\":\"https:\/\/juliededry.be\/\",\"name\":\"Accueil\"}},{\"@type\":\"ListItem\",\"position\":2,\"item\":{\"@type\":\"WebPage\",\"@id\":\"https:\/\/juliededry.be\/index.php\/2018\/09\/27\/video-charge-mentale-comment-y-remedier-en-4-etapes-avec-olivier-juprelle\/\",\"url\":\"https:\/\/juliededry.be\/index.php\/2018\/09\/27\/video-charge-mentale-comment-y-remedier-en-4-etapes-avec-olivier-juprelle\/\",\"name\":\"Video: charge mentale: comment y rem\\u00e9dier en 4 \\u00e9tapes (avec Olivier Juprelle)\"}}]},{\"@type\":\"Person\",\"@id\":\"https:\/\/juliededry.be\/#\/schema\/person\/abcc577d24773ef8b5dfdaaad9dd08aa\",\"name\":\"admin1710\",\"image\":{\"@type\":\"ImageObject\",\"@id\":\"https:\/\/juliededry.be\/#personlogo\",\"inLanguage\":\"fr-FR\",\"url\":\"https:\/\/secure.gravatar.com\/avatar\/ad7aa694110f8b801d02e8ec66defb70?s=96&d=mm&r=g\",\"caption\":\"admin1710\"}}]}<\/script>\n<!-- \/ Yoast SEO plugin. -->","jetpack_sharing_enabled":true,"jetpack_shortlink":"https:\/\/wp.me\/paiuL7-1FB","jetpack-related-posts":[{"id":6349,"url":"https:\/\/juliededry.be\/index.php\/2019\/04\/16\/comment-se-connecter-a-son-energie-profonde-quand-on-change-de-vie-ou-quon-lance-un-business\/","url_meta":{"origin":6423,"position":0},"title":"Comment se connecter \u00e0 son \u00e9nergie profonde quand on change de vie ou qu\u2019on lance un business?","date":"avril 16, 2019","format":false,"excerpt":"Le lien entre mission de vie et motivation. Se reconnecter \u00e0 sa mission de vie devrait \u00eatre la premi\u00e8re \u00e9tape de toute d\u00e9marche entrepreneuriale. D\u00e9velopper un business demande une dose consid\u00e9rable d\u2019\u00e9nergie et s\u2019apparente \u00e0 une v\u00e9ritable course de fond. Se reconnecter \u00e0 sa source primaire d\u2019\u00e9nergie devient alors indispensable.\u2026","rel":"","context":"Article similaire","img":{"alt_text":"","src":"https:\/\/i0.wp.com\/juliededry.be\/wp-content\/uploads\/2019\/04\/Julie-Dedry-3670.png?fit=886%2C591&ssl=1&resize=350%2C200","width":350,"height":200},"classes":[]},{"id":6567,"url":"https:\/\/juliededry.be\/index.php\/2019\/07\/04\/une-vie-sans-compromis-possible\/","url_meta":{"origin":6423,"position":1},"title":"Vivre une vie align\u00e9e et sans compromis: possible?","date":"juillet 4, 2019","format":false,"excerpt":"Dans cette p\u00e9riode de Transition, de plus en plus de personnes souhaitent vivre une vie align\u00e9e \u00e0 leur nature profonde mais ne savent pas comment s\u2019y prendre pour passer \u00e0 l\u2019action. Unlimit-it propose une m\u00e9thode d\u2019auto-coaching sur mesure : la cr\u00e9ation d\u2019un guide personnel, une sorte de rep\u00e8re pour \u00e9quilibrer\u2026","rel":"","context":"Article similaire","img":{"alt_text":"","src":"https:\/\/i2.wp.com\/juliededry.be\/wp-content\/uploads\/2019\/07\/Ju-2.jpg?fit=1200%2C750&ssl=1&resize=350%2C200","width":350,"height":200},"classes":[]},{"id":6358,"url":"https:\/\/juliededry.be\/index.php\/2019\/04\/24\/respecter-son-rythme-ou-avoir-de-la-discipline-comment-faire-pour-rester-motive\/","url_meta":{"origin":6423,"position":2},"title":"Respecter son rythme ou avoir de la discipline : comment faire pour rester motiv\u00e9 ?","date":"avril 24, 2019","format":false,"excerpt":"J\u2019ai regard\u00e9 une vid\u00e9o de Will Smith sur insta TV ce matin, et il y pr\u00f4nait la discipline. Cette histoire m\u2019a chipot\u00e9 toute la journ\u00e9e, d'autant plus que je suis en train de lire \"le pouvoir des habitudes\"\u2026 Tous les athl\u00e8tes, les acteurs, les stars ne jurent que par ce\u2026","rel":"","context":"Article similaire","img":{"alt_text":"","src":"https:\/\/i0.wp.com\/juliededry.be\/wp-content\/uploads\/2019\/04\/Discipline.jpg?fit=1200%2C800&ssl=1&resize=350%2C200","width":350,"height":200},"classes":[]},{"id":6505,"url":"https:\/\/juliededry.be\/index.php\/2019\/05\/16\/comment-developper-sa-creativite\/","url_meta":{"origin":6423,"position":3},"title":"Comment d\u00e9velopper sa cr\u00e9ativit\u00e9?","date":"mai 16, 2019","format":false,"excerpt":"https:\/\/youtu.be\/h3tTzfII72w","rel":"","context":"Dans &quot;Video&quot;","img":{"alt_text":"","src":"https:\/\/i0.wp.com\/juliededry.be\/wp-content\/uploads\/2019\/05\/Plan-de-travail-1.png?fit=1024%2C768&ssl=1&resize=350%2C200","width":350,"height":200},"classes":[]},{"id":7151,"url":"https:\/\/juliededry.be\/index.php\/2021\/09\/13\/retour-dexperience-se-lever-avec-les-poules\/","url_meta":{"origin":6423,"position":4},"title":"Retour d'exp\u00e9rience: se lever avec les poules.","date":"septembre 13, 2021","format":false,"excerpt":"La r\u00e9daction de cet article a pour but de vous partager mon exp\u00e9rience en lever matinal, activit\u00e9 que je pratique quotidiennement depuis 6 mois maintenant. J\u2019esp\u00e8re que cela vous inspirera et vous aidera tr\u00e8s concr\u00e8tement \u00e0 tester ce magnifique moment! Pourquoi j\u2019ai tent\u00e9 l\u2019aventure Cela fait plusieurs ann\u00e9es que j\u2019entends\u2026","rel":"","context":"Article similaire","img":{"alt_text":"","src":"https:\/\/i1.wp.com\/juliededry.be\/wp-content\/uploads\/2021\/09\/20210428_063341-scaled.jpg?fit=1200%2C900&ssl=1&resize=350%2C200","width":350,"height":200},"classes":[]},{"id":6450,"url":"https:\/\/juliededry.be\/index.php\/2019\/05\/02\/radio-la-vie-du-bon-cote-avec-sylvie-honore\/","url_meta":{"origin":6423,"position":5},"title":"Radio: La vie du bon c\u00f4t\u00e9 avec Sylvie Honor\u00e9","date":"mai 2, 2019","format":false,"excerpt":"Mardi 30 avril 2019 j'ai eu la chance de participer \u00e0 l'\u00e9mission de radio La vie du bon c\u00f4t\u00e9 anim\u00e9 par Sylvie Honor\u00e9. Le th\u00e8me de l'\u00e9mission \u00e9tait: Comment retrouver et garder l'\u00e9quilibre entre vie priv\u00e9e et vie professionnelle ? Le lien vers l'article ici. Il est \u00e9galement possible d'\u00e9couter\u2026","rel":"","context":"Dans &quot;Video&quot;","img":{"alt_text":"","src":"https:\/\/i0.wp.com\/juliededry.be\/wp-content\/uploads\/2019\/05\/sylvie-honore\u03014.jpg?fit=709%2C435&ssl=1&resize=350%2C200","width":350,"height":200},"classes":[]}],"_links":{"self":[{"href":"https:\/\/juliededry.be\/index.php\/wp-json\/wp\/v2\/posts\/6423"}],"collection":[{"href":"https:\/\/juliededry.be\/index.php\/wp-json\/wp\/v2\/posts"}],"about":[{"href":"https:\/\/juliededry.be\/index.php\/wp-json\/wp\/v2\/types\/post"}],"author":[{"embeddable":true,"href":"https:\/\/juliededry.be\/index.php\/wp-json\/wp\/v2\/users\/1"}],"replies":[{"embeddable":true,"href":"https:\/\/juliededry.be\/index.php\/wp-json\/wp\/v2\/comments?post=6423"}],"version-history":[{"count":3,"href":"https:\/\/juliededry.be\/index.php\/wp-json\/wp\/v2\/posts\/6423\/revisions"}],"predecessor-version":[{"id":6428,"href":"https:\/\/juliededry.be\/index.php\/wp-json\/wp\/v2\/posts\/6423\/revisions\/6428"}],"wp:featuredmedia":[{"embeddable":true,"href":"https:\/\/juliededry.be\/index.php\/wp-json\/wp\/v2\/media\/6427"}],"wp:attachment":[{"href":"https:\/\/juliededry.be\/index.php\/wp-json\/wp\/v2\/media?parent=6423"}],"wp:term":[{"taxonomy":"category","embeddable":true,"href":"https:\/\/juliededry.be\/index.php\/wp-json\/wp\/v2\/categories?post=6423"},{"taxonomy":"post_tag","embeddable":true,"href":"https:\/\/juliededry.be\/index.php\/wp-json\/wp\/v2\/tags?post=6423"}],"curies":[{"name":"wp","href":"https:\/\/api.w.org\/{rel}","templated":true}]}}