{"id":6450,"date":"2019-05-02T18:59:17","date_gmt":"2019-05-02T18:59:17","guid":{"rendered":"https:\/\/juliededry.be\/?p=6450"},"modified":"2019-05-05T16:42:38","modified_gmt":"2019-05-05T16:42:38","slug":"radio-la-vie-du-bon-cote-avec-sylvie-honore","status":"publish","type":"post","link":"https:\/\/juliededry.be\/index.php\/2019\/05\/02\/radio-la-vie-du-bon-cote-avec-sylvie-honore\/","title":{"rendered":"Radio: La vie du bon c\u00f4t\u00e9 avec Sylvie Honor\u00e9"},"content":{"rendered":"\n<p>Mardi 30 avril 2019 j&#8217;ai eu la chance de participer \u00e0 l&#8217;\u00e9mission de radio <strong>La vie du bon c\u00f4t\u00e9 <\/strong>anim\u00e9 par Sylvie Honor\u00e9. <\/p>\n\n\n\n<p>Le th\u00e8me de l&#8217;\u00e9mission \u00e9tait:  <strong>Comment retrouver et garder l&#8217;\u00e9quilibre entre vie priv\u00e9e et vie professionnelle ?<\/strong><\/p>\n\n\n\n<p>Le lien vers l&#8217;article <a href=\"https:\/\/www.rtbf.be\/vivacite\/emissions\/detail_la-vie-du-bon-cote\/accueil\/article_comment-retrouver-et-garder-l-equilibre-entre-vie-privee-et-vie-professionnelle?id=10208593&amp;programId=2161\">ici.<\/a> <\/p>\n\n\n\n<p>Il est \u00e9galement possible d&#8217;\u00e9couter l&#8217;\u00e9mission en entier sur Auvio <a href=\"https:\/\/www.rtbf.be\/auvio\/detail_la-vie-du-bon-cote?id=2491112&amp;jwsource=cl\">ici<\/a>. <\/p>\n\n\n\n<figure class=\"wp-block-image\"><img data-attachment-id=\"6454\" data-permalink=\"https:\/\/juliededry.be\/index.php\/2019\/05\/02\/radio-la-vie-du-bon-cote-avec-sylvie-honore\/sylvie\/\" data-orig-file=\"https:\/\/i1.wp.com\/juliededry.be\/wp-content\/uploads\/2019\/05\/sylvie.jpg?fit=960%2C960&amp;ssl=1\" data-orig-size=\"960,960\" data-comments-opened=\"1\" data-image-meta=\"{&quot;aperture&quot;:&quot;0&quot;,&quot;credit&quot;:&quot;&quot;,&quot;camera&quot;:&quot;&quot;,&quot;caption&quot;:&quot;&quot;,&quot;created_timestamp&quot;:&quot;0&quot;,&quot;copyright&quot;:&quot;&quot;,&quot;focal_length&quot;:&quot;0&quot;,&quot;iso&quot;:&quot;0&quot;,&quot;shutter_speed&quot;:&quot;0&quot;,&quot;title&quot;:&quot;&quot;,&quot;orientation&quot;:&quot;0&quot;}\" data-image-title=\"sylvie\" data-image-description=\"\" data-medium-file=\"https:\/\/i1.wp.com\/juliededry.be\/wp-content\/uploads\/2019\/05\/sylvie.jpg?fit=300%2C300&amp;ssl=1\" data-large-file=\"https:\/\/i1.wp.com\/juliededry.be\/wp-content\/uploads\/2019\/05\/sylvie.jpg?fit=960%2C960&amp;ssl=1\" loading=\"lazy\" width=\"960\" height=\"960\" src=\"https:\/\/i1.wp.com\/juliededry.be\/wp-content\/uploads\/2019\/05\/sylvie.jpg?resize=960%2C960&#038;ssl=1\" alt=\"\" class=\"wp-image-6454\" srcset=\"https:\/\/i1.wp.com\/juliededry.be\/wp-content\/uploads\/2019\/05\/sylvie.jpg?w=960&amp;ssl=1 960w, https:\/\/i1.wp.com\/juliededry.be\/wp-content\/uploads\/2019\/05\/sylvie.jpg?resize=150%2C150&amp;ssl=1 150w, https:\/\/i1.wp.com\/juliededry.be\/wp-content\/uploads\/2019\/05\/sylvie.jpg?resize=300%2C300&amp;ssl=1 300w, https:\/\/i1.wp.com\/juliededry.be\/wp-content\/uploads\/2019\/05\/sylvie.jpg?resize=768%2C768&amp;ssl=1 768w\" sizes=\"(max-width: 960px) 100vw, 960px\" data-recalc-dims=\"1\" \/><\/figure>\n","protected":false},"excerpt":{"rendered":"<p>Mardi 30 avril 2019 j&#8217;ai eu la chance de participer \u00e0 l&#8217;\u00e9mission de radio La vie du bon c\u00f4t\u00e9 anim\u00e9 par Sylvie Honor\u00e9. Le th\u00e8me de l&#8217;\u00e9mission \u00e9tait: Comment retrouver et garder l&#8217;\u00e9quilibre entre vie priv\u00e9e et vie professionnelle ? Le lien vers l&#8217;article ici. Il est \u00e9galement possible d&#8217;\u00e9couter l&#8217;\u00e9mission en entier sur Auvio [&hellip;]<\/p>\n","protected":false},"author":1,"featured_media":6457,"comment_status":"open","ping_status":"open","sticky":false,"template":"","format":"standard","meta":{"spay_email":"","jetpack_publicize_message":"","jetpack_is_tweetstorm":false},"categories":[31],"tags":[],"jetpack_featured_media_url":"https:\/\/i0.wp.com\/juliededry.be\/wp-content\/uploads\/2019\/05\/sylvie-honore\u03014.jpg?fit=709%2C435&ssl=1","jetpack_publicize_connections":[],"yoast_head":"<!-- This site is optimized with the Yoast SEO plugin v15.7 - https:\/\/yoast.com\/wordpress\/plugins\/seo\/ -->\n<title>Radio: La vie du bon c\u00f4t\u00e9 avec Sylvie Honor\u00e9 - Julie Dedry<\/title>\n<meta name=\"description\" content=\"Apprenez \u00e0 \u00e9quilibrer votre vie priv\u00e9 et votre vie pro. Mon intervention avec Sylvie Honer\u00e9 sur Vivacit\u00e9\" \/>\n<meta name=\"robots\" content=\"index, follow, max-snippet:-1, max-image-preview:large, max-video-preview:-1\" \/>\n<link rel=\"canonical\" href=\"https:\/\/juliededry.be\/index.php\/2019\/05\/02\/radio-la-vie-du-bon-cote-avec-sylvie-honore\/\" \/>\n<meta property=\"og:locale\" content=\"fr_FR\" \/>\n<meta property=\"og:type\" content=\"article\" \/>\n<meta property=\"og:title\" content=\"Radio: La vie du bon c\u00f4t\u00e9 avec Sylvie Honor\u00e9 - Julie Dedry\" \/>\n<meta property=\"og:description\" content=\"Apprenez \u00e0 \u00e9quilibrer votre vie priv\u00e9 et votre vie pro. Mon intervention avec Sylvie Honer\u00e9 sur Vivacit\u00e9\" \/>\n<meta property=\"og:url\" content=\"https:\/\/juliededry.be\/index.php\/2019\/05\/02\/radio-la-vie-du-bon-cote-avec-sylvie-honore\/\" \/>\n<meta property=\"og:site_name\" content=\"Julie Dedry\" \/>\n<meta property=\"article:published_time\" content=\"2019-05-02T18:59:17+00:00\" \/>\n<meta property=\"article:modified_time\" content=\"2019-05-05T16:42:38+00:00\" \/>\n<meta property=\"og:image\" content=\"https:\/\/i0.wp.com\/juliededry.be\/wp-content\/uploads\/2019\/05\/sylvie-honore\u03014.jpg?fit=709%2C435&#038;ssl=1\" \/>\n\t<meta property=\"og:image:width\" content=\"709\" \/>\n\t<meta property=\"og:image:height\" content=\"435\" \/>\n<meta name=\"twitter:card\" content=\"summary_large_image\" \/>\n<script type=\"application\/ld+json\" class=\"yoast-schema-graph\">{\"@context\":\"https:\/\/schema.org\",\"@graph\":[{\"@type\":\"WebSite\",\"@id\":\"https:\/\/juliededry.be\/#website\",\"url\":\"https:\/\/juliededry.be\/\",\"name\":\"Julie Dedry\",\"description\":\"Cr\\u00e9atrice de routines sur mesure\",\"potentialAction\":[{\"@type\":\"SearchAction\",\"target\":\"https:\/\/juliededry.be\/?s={search_term_string}\",\"query-input\":\"required name=search_term_string\"}],\"inLanguage\":\"fr-FR\"},{\"@type\":\"ImageObject\",\"@id\":\"https:\/\/juliededry.be\/index.php\/2019\/05\/02\/radio-la-vie-du-bon-cote-avec-sylvie-honore\/#primaryimage\",\"inLanguage\":\"fr-FR\",\"url\":\"https:\/\/i0.wp.com\/juliededry.be\/wp-content\/uploads\/2019\/05\/sylvie-honore\\u03014.jpg?fit=709%2C435&ssl=1\",\"width\":709,\"height\":435},{\"@type\":\"WebPage\",\"@id\":\"https:\/\/juliededry.be\/index.php\/2019\/05\/02\/radio-la-vie-du-bon-cote-avec-sylvie-honore\/#webpage\",\"url\":\"https:\/\/juliededry.be\/index.php\/2019\/05\/02\/radio-la-vie-du-bon-cote-avec-sylvie-honore\/\",\"name\":\"Radio: La vie du bon c\\u00f4t\\u00e9 avec Sylvie Honor\\u00e9 - Julie Dedry\",\"isPartOf\":{\"@id\":\"https:\/\/juliededry.be\/#website\"},\"primaryImageOfPage\":{\"@id\":\"https:\/\/juliededry.be\/index.php\/2019\/05\/02\/radio-la-vie-du-bon-cote-avec-sylvie-honore\/#primaryimage\"},\"datePublished\":\"2019-05-02T18:59:17+00:00\",\"dateModified\":\"2019-05-05T16:42:38+00:00\",\"author\":{\"@id\":\"https:\/\/juliededry.be\/#\/schema\/person\/abcc577d24773ef8b5dfdaaad9dd08aa\"},\"description\":\"Apprenez \\u00e0 \\u00e9quilibrer votre vie priv\\u00e9 et votre vie pro. Mon intervention avec Sylvie Honer\\u00e9 sur Vivacit\\u00e9\",\"breadcrumb\":{\"@id\":\"https:\/\/juliededry.be\/index.php\/2019\/05\/02\/radio-la-vie-du-bon-cote-avec-sylvie-honore\/#breadcrumb\"},\"inLanguage\":\"fr-FR\",\"potentialAction\":[{\"@type\":\"ReadAction\",\"target\":[\"https:\/\/juliededry.be\/index.php\/2019\/05\/02\/radio-la-vie-du-bon-cote-avec-sylvie-honore\/\"]}]},{\"@type\":\"BreadcrumbList\",\"@id\":\"https:\/\/juliededry.be\/index.php\/2019\/05\/02\/radio-la-vie-du-bon-cote-avec-sylvie-honore\/#breadcrumb\",\"itemListElement\":[{\"@type\":\"ListItem\",\"position\":1,\"item\":{\"@type\":\"WebPage\",\"@id\":\"https:\/\/juliededry.be\/\",\"url\":\"https:\/\/juliededry.be\/\",\"name\":\"Accueil\"}},{\"@type\":\"ListItem\",\"position\":2,\"item\":{\"@type\":\"WebPage\",\"@id\":\"https:\/\/juliededry.be\/index.php\/2019\/05\/02\/radio-la-vie-du-bon-cote-avec-sylvie-honore\/\",\"url\":\"https:\/\/juliededry.be\/index.php\/2019\/05\/02\/radio-la-vie-du-bon-cote-avec-sylvie-honore\/\",\"name\":\"Radio: La vie du bon c\\u00f4t\\u00e9 avec Sylvie Honor\\u00e9\"}}]},{\"@type\":\"Person\",\"@id\":\"https:\/\/juliededry.be\/#\/schema\/person\/abcc577d24773ef8b5dfdaaad9dd08aa\",\"name\":\"admin1710\",\"image\":{\"@type\":\"ImageObject\",\"@id\":\"https:\/\/juliededry.be\/#personlogo\",\"inLanguage\":\"fr-FR\",\"url\":\"https:\/\/secure.gravatar.com\/avatar\/ad7aa694110f8b801d02e8ec66defb70?s=96&d=mm&r=g\",\"caption\":\"admin1710\"}}]}<\/script>\n<!-- \/ Yoast SEO plugin. -->","jetpack_sharing_enabled":true,"jetpack_shortlink":"https:\/\/wp.me\/paiuL7-1G2","jetpack-related-posts":[{"id":5785,"url":"https:\/\/juliededry.be\/index.php\/2019\/03\/08\/ce-netait-pas-le-moment\/","url_meta":{"origin":6450,"position":0},"title":"Ce n\u2019\u00e9tait pas le moment.","date":"mars 8, 2019","format":false,"excerpt":"Quand on a une vision tr\u00e8s pr\u00e9cise de notre vie id\u00e9ale \u00e0 5 ans, il est parfois tr\u00e8s difficile d\u2019attendre tellement les choses sont claires. En un an, ma vie a litt\u00e9ralement chang\u00e9. Et elle aurait pu encore changer du tout au tout les 3 derniers mois\u2026 Une maison qui\u2026","rel":"","context":"Avec 1 commentaire","img":{"alt_text":"","src":"https:\/\/i2.wp.com\/juliededry.be\/wp-content\/uploads\/2019\/03\/Julie-Dedry-3260.jpg?fit=1200%2C800&ssl=1&resize=350%2C200","width":350,"height":200},"classes":[]},{"id":6495,"url":"https:\/\/juliededry.be\/index.php\/2019\/05\/13\/je-suis-le-changement\/","url_meta":{"origin":6450,"position":1},"title":"Je suis le changement.","date":"mai 13, 2019","format":false,"excerpt":"Tout remettre en question pour augmenter mon confort, c\u2019est ma nature. Je suis le feu. Je canalise facilement l\u2019\u00e9nergie, elle me traverse \u00e0 la vitesse de l\u2019\u00e9clair. Analyser, r\u00e9fl\u00e9chir, visualiser, \u00eatre inspir\u00e9e (les id\u00e9es fusent h24), m\u2019organiser et passer \u00e0 l\u2019action : je le fais aussi facilement que de me\u2026","rel":"","context":"Article similaire","img":{"alt_text":"","src":"https:\/\/i0.wp.com\/juliededry.be\/wp-content\/uploads\/2019\/05\/JulieDedry-UnLimit-It-0812.jpg?fit=1200%2C800&ssl=1&resize=350%2C200","width":350,"height":200},"classes":[]},{"id":6567,"url":"https:\/\/juliededry.be\/index.php\/2019\/07\/04\/une-vie-sans-compromis-possible\/","url_meta":{"origin":6450,"position":2},"title":"Vivre une vie align\u00e9e et sans compromis: possible?","date":"juillet 4, 2019","format":false,"excerpt":"Dans cette p\u00e9riode de Transition, de plus en plus de personnes souhaitent vivre une vie align\u00e9e \u00e0 leur nature profonde mais ne savent pas comment s\u2019y prendre pour passer \u00e0 l\u2019action. Unlimit-it propose une m\u00e9thode d\u2019auto-coaching sur mesure : la cr\u00e9ation d\u2019un guide personnel, une sorte de rep\u00e8re pour \u00e9quilibrer\u2026","rel":"","context":"Article similaire","img":{"alt_text":"","src":"https:\/\/i2.wp.com\/juliededry.be\/wp-content\/uploads\/2019\/07\/Ju-2.jpg?fit=1200%2C750&ssl=1&resize=350%2C200","width":350,"height":200},"classes":[]},{"id":1,"url":"https:\/\/juliededry.be\/index.php\/2018\/08\/27\/hello-world\/","url_meta":{"origin":6450,"position":3},"title":"Au bon endroit, au bon moment!","date":"ao\u00fbt 27, 2018","format":false,"excerpt":"Avez-vous d\u00e9j\u00e0 v\u00e9cu cette sublime sensation d\u2019\u00eatre au bon endroit au bon moment? Cette sensation est une gr\u00e2ce divine que je vis quotidiennement depuis que j\u2019ai chang\u00e9 de vie.\u00a0La gratitude a remplac\u00e9 la malaise latent de ne pas \u00eatre \u00e0 ma place (ainsi que le sentiment de perdre du temps,\u2026","rel":"","context":"Article similaire","img":{"alt_text":"","src":"https:\/\/i2.wp.com\/juliededry.be\/wp-content\/uploads\/2018\/08\/Julie-Dedry-3612-1.jpg?fit=1200%2C800&ssl=1&resize=350%2C200","width":350,"height":200},"classes":[]},{"id":6429,"url":"https:\/\/juliededry.be\/index.php\/2019\/04\/11\/interview-trouver-ton-equilibre-de-vie-ideal-avec-julie-par-cindy-mateus\/","url_meta":{"origin":6450,"position":4},"title":"Interview: Trouver son \u00e9quilibre de vie id\u00e9al avec Julie (par Cindy Mateus)","date":"avril 11, 2019","format":false,"excerpt":"Interview extraite du blog de Cindy Mateus. Retrouvez l'article original sur son blog. Merci \u00e0 elle pour ce super moment ! Devenir entrepreneur est une \u00e9tape \u00e9prouvante\u00a0; on cherche \u00e0 d\u00e9couvrir notre don et comment l\u2019exploiter pour le convertir en business plan. Pour le premier sujet consacr\u00e9 \u00e0 l\u2019entrepreneuriat et\u2026","rel":"","context":"Dans &quot;Article&quot;","img":{"alt_text":"","src":"https:\/\/i1.wp.com\/juliededry.be\/wp-content\/uploads\/2019\/04\/interview.jpg?fit=1200%2C800&ssl=1&resize=350%2C200","width":350,"height":200},"classes":[]},{"id":6196,"url":"https:\/\/juliededry.be\/index.php\/2019\/04\/05\/connaissez-vous-vos-parts-dombres\/","url_meta":{"origin":6450,"position":5},"title":"Connaissez-vous vos parts d\u2019ombres ?","date":"avril 5, 2019","format":false,"excerpt":"Je ne sais pas pour vous, mais je suis tr\u00e8s sensible au rythme de la nature. Vous avez surement d\u00fb remarquer que nous venions de vivre un super pleine lune il y a 2 semaines. Et qui dit pleine lune, dit danse entre ombre et lumi\u00e8re. Dans le monde invisible\u2026","rel":"","context":"Article similaire","img":{"alt_text":"","src":"https:\/\/i2.wp.com\/juliededry.be\/wp-content\/uploads\/2019\/04\/lune.png?fit=425%2C283&ssl=1&resize=350%2C200","width":350,"height":200},"classes":[]}],"_links":{"self":[{"href":"https:\/\/juliededry.be\/index.php\/wp-json\/wp\/v2\/posts\/6450"}],"collection":[{"href":"https:\/\/juliededry.be\/index.php\/wp-json\/wp\/v2\/posts"}],"about":[{"href":"https:\/\/juliededry.be\/index.php\/wp-json\/wp\/v2\/types\/post"}],"author":[{"embeddable":true,"href":"https:\/\/juliededry.be\/index.php\/wp-json\/wp\/v2\/users\/1"}],"replies":[{"embeddable":true,"href":"https:\/\/juliededry.be\/index.php\/wp-json\/wp\/v2\/comments?post=6450"}],"version-history":[{"count":1,"href":"https:\/\/juliededry.be\/index.php\/wp-json\/wp\/v2\/posts\/6450\/revisions"}],"predecessor-version":[{"id":6455,"href":"https:\/\/juliededry.be\/index.php\/wp-json\/wp\/v2\/posts\/6450\/revisions\/6455"}],"wp:featuredmedia":[{"embeddable":true,"href":"https:\/\/juliededry.be\/index.php\/wp-json\/wp\/v2\/media\/6457"}],"wp:attachment":[{"href":"https:\/\/juliededry.be\/index.php\/wp-json\/wp\/v2\/media?parent=6450"}],"wp:term":[{"taxonomy":"category","embeddable":true,"href":"https:\/\/juliededry.be\/index.php\/wp-json\/wp\/v2\/categories?post=6450"},{"taxonomy":"post_tag","embeddable":true,"href":"https:\/\/juliededry.be\/index.php\/wp-json\/wp\/v2\/tags?post=6450"}],"curies":[{"name":"wp","href":"https:\/\/api.w.org\/{rel}","templated":true}]}}