{"id":6495,"date":"2019-05-13T11:40:05","date_gmt":"2019-05-13T11:40:05","guid":{"rendered":"https:\/\/juliededry.be\/?p=6495"},"modified":"2019-05-13T11:41:41","modified_gmt":"2019-05-13T11:41:41","slug":"je-suis-le-changement","status":"publish","type":"post","link":"https:\/\/juliededry.be\/index.php\/2019\/05\/13\/je-suis-le-changement\/","title":{"rendered":"Je suis le changement."},"content":{"rendered":"\n<p>Tout remettre en question pour augmenter mon confort, c\u2019est <strong>ma nature<\/strong>. Je suis le feu.<\/p>\n\n\n\n<h2>Je canalise facilement l\u2019\u00e9nergie, elle me traverse \u00e0 la vitesse de l\u2019\u00e9clair.<\/h2>\n\n\n\n<p>Analyser, r\u00e9fl\u00e9chir, visualiser, \u00eatre inspir\u00e9e (les id\u00e9es fusent h24), m\u2019organiser et passer \u00e0 l\u2019action : je le fais aussi facilement que de me brosser les dents.<\/p>\n\n\n\n<p>Trop cool, gr\u00e2ce \u00e0 ces dons, <strong>r\u00e9aliser mes r\u00eaves est facile<\/strong> et ne me tracasse pas le moindre du monde!<\/p>\n\n\n\n<p>Pourtant, plus j\u2019avance, plus je me rends compte qu\u2019il existe un revers \u00e0 ce don&nbsp;: <strong>je suis sans cesse projet\u00e9e vers le futur<\/strong>.<\/p>\n\n\n\t<div class=\"wp-block-jetpack-gif\">\n\t\t<figure>\n\t\t\t\t\t\t\t<div class=\"wp-block-jetpack-gif-wrapper\" style=\"padding-top:44%\">\n\t\t\t\t\t<iframe src=\"https:\/\/giphy.com\/embed\/V1QKlDs9bb6Ss\" title=\"https:\/\/media.giphy.com\/media\/V1QKlDs9bb6Ss\/giphy.gif\"><\/iframe>\n\t\t\t\t<\/div>\n\t\t\t\t\t\t\t\t<\/figure>\n\t<\/div>\n\t\n\n\n<h2><strong>L\u2019impatience est mon meilleur ennemi.<\/strong><\/h2>\n\n\n\n<p>Certains disent que je suis<strong> impatiente<\/strong>, voir m\u00eame peut-\u00eatre <strong>instable<\/strong>. Et que dans les moments les plus intenses que je suis <strong>exigeante<\/strong> car je sais exactement ce que je veux. Je suis d\u2019accord avec eux&nbsp;: ce sont mes cot\u00e9s sombres, et je les accepte avec amour.<\/p>\n\n\n\n<p>Ma t\u00eate et mes mains sont intimement li\u00e9es mais j\u2019oublie souvent de m\u2019arr\u00eater au niveau du c\u0153ur. <strong>De sentir si c\u2019est le bon moment de passer \u00e0 l\u2019action<\/strong>. De v\u00e9rifier que mon rythme convient encore \u00e0 ma famille. <\/p>\n\n\n\n<p>Il m&#8217;arrive souvent d&#8217;avoir des <strong>discussions anim\u00e9es avec Edouard <\/strong>\u00e0 propos de ma fr\u00e9n\u00e9sie d\u2019\u00e9volution et de projets : il est plut\u00f4t pos\u00e9, calme, r\u00e9fl\u00e9chi, sage (son \u00e9l\u00e9ment est l\u2019eau). Et moi une vraie fonceuse, instinctive : l\u2019h\u00e9sitation n\u2019existe pas dans mon monde, elle me rend dingue. <\/p>\n\n\n\n<h2>L<strong>e pouvoir de mat\u00e9rialisation est le plus grand pouvoir qu\u2019il puisse exister.<\/strong><\/h2>\n\n\n\n<p>Comme je le mentionnais dans un <a href=\"https:\/\/juliededry.be\/index.php\/2019\/03\/08\/ce-netait-pas-le-moment\/\">pr\u00e9c\u00e9dent article: il <\/a>est grisant, mais je crois qu\u2019il faut pouvoir rester humble et le doser pour qu\u2019il respecte nos limites, pour ne pas se br\u00fbler. <\/p>\n\n\n\n<p>Car m\u00eame si le\nprocessus d\u2019\u00e9volution ou de changement est fluide chez moi, il n\u2019en demande pas\nmoins d\u2019\u00e9nergie d\u2019adaptation.<\/p>\n\n\n\n<blockquote class=\"wp-block-quote\"><p><strong>Je suis connect\u00e9e en permanence \u00e0 ma source d\u2019\u00e9nergie, \u00e0 ma nature profonde. <\/strong><\/p><\/blockquote>\n\n\n\n<p>Ce que je ne savais pas et que je d\u00e9couvre, c\u2019est que cette \u00e9nergie il faut la canaliser et la doser. <strong>Le feu peut br\u00fbler ou transformer. Le feu peut d\u00e9truire ou r\u00e9conforter<\/strong>. Il faut trouver la bonne distance et le <strong>ma\u00eetriser<\/strong>.<\/p>\n\n\n\t<div class=\"wp-block-jetpack-gif\">\n\t\t<figure>\n\t\t\t\t\t\t\t<div class=\"wp-block-jetpack-gif-wrapper\" style=\"padding-top:66%\">\n\t\t\t\t\t<iframe src=\"https:\/\/giphy.com\/embed\/2xE2XLMay2R4Pvg2GU\" title=\"https:\/\/media.giphy.com\/media\/2xE2XLMay2R4Pvg2GU\/giphy.gif\"><\/iframe>\n\t\t\t\t<\/div>\n\t\t\t\t\t\t\t\t<\/figure>\n\t<\/div>\n\t\n\n\n<p>Du coup, je me calme et me recentre dans la contemplation. 30 min par jour, assise sur mon coussin de m\u00e9ditation dans mon jardin. Connexion intense et immersion dans la nature, dans le tout. Mon kiff absolu, <strong>mon \u00e9lixir de vie<\/strong>. <\/p>\n\n\n\n<p><strong>Ma puissance est alors canalis\u00e9e et d\u00e9multipli\u00e9e.<\/strong><\/p>\n\n\n\n<h2>C\u2019est comme \u00e7a que je conserve mon <strong>\u00e9quilibre de vie<\/strong>. <\/h2>\n\n\n\n<p>Connaissez-vous votre \u00e9l\u00e9ment dominant ? Y \u00eates-vous connect\u00e9 ? Connaissez-vous votre c\u00f4t\u00e9 sombre ?<\/p>\n\n\n\n<p><a href=\"https:\/\/juliededry.be\/index.php\/accompagnement-individuel\/\">Reconnectez-vous\n\u00e0 votre \u00e9l\u00e9ment avec moi&nbsp;<\/a><\/p>\n\n\n\n<p><strong>D\u00e9couvrir son \u00e9l\u00e9ment, intimement li\u00e9 \u00e0 sa mission de vie, est la premi\u00e8re \u00e9tape pour vivre une vie sans compromis. Et les changements de vie sont des moments cl\u00e9s pour y r\u00e9fl\u00e9chir. <\/strong><\/p>\n","protected":false},"excerpt":{"rendered":"<p>Tout remettre en question pour augmenter mon confort, c\u2019est ma nature. Je suis le feu. Je canalise facilement l\u2019\u00e9nergie, elle me traverse \u00e0 la vitesse de l\u2019\u00e9clair. Analyser, r\u00e9fl\u00e9chir, visualiser, \u00eatre inspir\u00e9e (les id\u00e9es fusent h24), m\u2019organiser et passer \u00e0 l\u2019action : je le fais aussi facilement que de me brosser les dents. Trop cool, [&hellip;]<\/p>\n","protected":false},"author":1,"featured_media":6503,"comment_status":"open","ping_status":"open","sticky":false,"template":"","format":"standard","meta":{"spay_email":"","jetpack_publicize_message":"","jetpack_is_tweetstorm":false},"categories":[1],"tags":[],"jetpack_featured_media_url":"https:\/\/i0.wp.com\/juliededry.be\/wp-content\/uploads\/2019\/05\/JulieDedry-UnLimit-It-0812.jpg?fit=3543%2C2362&ssl=1","jetpack_publicize_connections":[],"yoast_head":"<!-- This site is optimized with the Yoast SEO plugin v15.7 - https:\/\/yoast.com\/wordpress\/plugins\/seo\/ -->\n<title>Je suis le changement. - Julie Dedry<\/title>\n<meta name=\"robots\" content=\"index, follow, max-snippet:-1, max-image-preview:large, max-video-preview:-1\" \/>\n<link rel=\"canonical\" href=\"https:\/\/juliededry.be\/index.php\/2019\/05\/13\/je-suis-le-changement\/\" \/>\n<meta property=\"og:locale\" content=\"fr_FR\" \/>\n<meta property=\"og:type\" content=\"article\" \/>\n<meta property=\"og:title\" content=\"Je suis le changement. - Julie Dedry\" \/>\n<meta property=\"og:description\" content=\"Tout remettre en question pour augmenter mon confort, c\u2019est ma nature. Je suis le feu. Je canalise facilement l\u2019\u00e9nergie, elle me traverse \u00e0 la vitesse de l\u2019\u00e9clair. Analyser, r\u00e9fl\u00e9chir, visualiser, \u00eatre inspir\u00e9e (les id\u00e9es fusent h24), m\u2019organiser et passer \u00e0 l\u2019action : je le fais aussi facilement que de me brosser les dents. Trop cool, [&hellip;]\" \/>\n<meta property=\"og:url\" content=\"https:\/\/juliededry.be\/index.php\/2019\/05\/13\/je-suis-le-changement\/\" \/>\n<meta property=\"og:site_name\" content=\"Julie Dedry\" \/>\n<meta property=\"article:published_time\" content=\"2019-05-13T11:40:05+00:00\" \/>\n<meta property=\"article:modified_time\" content=\"2019-05-13T11:41:41+00:00\" \/>\n<meta property=\"og:image\" content=\"https:\/\/juliededry.be\/wp-content\/uploads\/2019\/05\/JulieDedry-UnLimit-It-0812-1024x683.jpg\" \/>\n\t<meta property=\"og:image:width\" content=\"1024\" \/>\n\t<meta property=\"og:image:height\" content=\"683\" \/>\n<meta name=\"twitter:card\" content=\"summary_large_image\" \/>\n<meta name=\"twitter:label1\" content=\"Dur\u00e9e de lecture est.\">\n\t<meta name=\"twitter:data1\" content=\"3 minutes\">\n<script type=\"application\/ld+json\" class=\"yoast-schema-graph\">{\"@context\":\"https:\/\/schema.org\",\"@graph\":[{\"@type\":\"WebSite\",\"@id\":\"https:\/\/juliededry.be\/#website\",\"url\":\"https:\/\/juliededry.be\/\",\"name\":\"Julie Dedry\",\"description\":\"Cr\\u00e9atrice de routines sur mesure\",\"potentialAction\":[{\"@type\":\"SearchAction\",\"target\":\"https:\/\/juliededry.be\/?s={search_term_string}\",\"query-input\":\"required name=search_term_string\"}],\"inLanguage\":\"fr-FR\"},{\"@type\":\"ImageObject\",\"@id\":\"https:\/\/juliededry.be\/index.php\/2019\/05\/13\/je-suis-le-changement\/#primaryimage\",\"inLanguage\":\"fr-FR\",\"url\":\"https:\/\/i0.wp.com\/juliededry.be\/wp-content\/uploads\/2019\/05\/JulieDedry-UnLimit-It-0812.jpg?fit=3543%2C2362&ssl=1\",\"width\":3543,\"height\":2362},{\"@type\":\"WebPage\",\"@id\":\"https:\/\/juliededry.be\/index.php\/2019\/05\/13\/je-suis-le-changement\/#webpage\",\"url\":\"https:\/\/juliededry.be\/index.php\/2019\/05\/13\/je-suis-le-changement\/\",\"name\":\"Je suis le changement. - Julie Dedry\",\"isPartOf\":{\"@id\":\"https:\/\/juliededry.be\/#website\"},\"primaryImageOfPage\":{\"@id\":\"https:\/\/juliededry.be\/index.php\/2019\/05\/13\/je-suis-le-changement\/#primaryimage\"},\"datePublished\":\"2019-05-13T11:40:05+00:00\",\"dateModified\":\"2019-05-13T11:41:41+00:00\",\"author\":{\"@id\":\"https:\/\/juliededry.be\/#\/schema\/person\/abcc577d24773ef8b5dfdaaad9dd08aa\"},\"breadcrumb\":{\"@id\":\"https:\/\/juliededry.be\/index.php\/2019\/05\/13\/je-suis-le-changement\/#breadcrumb\"},\"inLanguage\":\"fr-FR\",\"potentialAction\":[{\"@type\":\"ReadAction\",\"target\":[\"https:\/\/juliededry.be\/index.php\/2019\/05\/13\/je-suis-le-changement\/\"]}]},{\"@type\":\"BreadcrumbList\",\"@id\":\"https:\/\/juliededry.be\/index.php\/2019\/05\/13\/je-suis-le-changement\/#breadcrumb\",\"itemListElement\":[{\"@type\":\"ListItem\",\"position\":1,\"item\":{\"@type\":\"WebPage\",\"@id\":\"https:\/\/juliededry.be\/\",\"url\":\"https:\/\/juliededry.be\/\",\"name\":\"Accueil\"}},{\"@type\":\"ListItem\",\"position\":2,\"item\":{\"@type\":\"WebPage\",\"@id\":\"https:\/\/juliededry.be\/index.php\/2019\/05\/13\/je-suis-le-changement\/\",\"url\":\"https:\/\/juliededry.be\/index.php\/2019\/05\/13\/je-suis-le-changement\/\",\"name\":\"Je suis le changement.\"}}]},{\"@type\":\"Person\",\"@id\":\"https:\/\/juliededry.be\/#\/schema\/person\/abcc577d24773ef8b5dfdaaad9dd08aa\",\"name\":\"admin1710\",\"image\":{\"@type\":\"ImageObject\",\"@id\":\"https:\/\/juliededry.be\/#personlogo\",\"inLanguage\":\"fr-FR\",\"url\":\"https:\/\/secure.gravatar.com\/avatar\/ad7aa694110f8b801d02e8ec66defb70?s=96&d=mm&r=g\",\"caption\":\"admin1710\"}}]}<\/script>\n<!-- \/ Yoast SEO plugin. -->","jetpack_sharing_enabled":true,"jetpack_shortlink":"https:\/\/wp.me\/paiuL7-1GL","jetpack-related-posts":[{"id":6567,"url":"https:\/\/juliededry.be\/index.php\/2019\/07\/04\/une-vie-sans-compromis-possible\/","url_meta":{"origin":6495,"position":0},"title":"Vivre une vie align\u00e9e et sans compromis: possible?","date":"juillet 4, 2019","format":false,"excerpt":"Dans cette p\u00e9riode de Transition, de plus en plus de personnes souhaitent vivre une vie align\u00e9e \u00e0 leur nature profonde mais ne savent pas comment s\u2019y prendre pour passer \u00e0 l\u2019action. Unlimit-it propose une m\u00e9thode d\u2019auto-coaching sur mesure : la cr\u00e9ation d\u2019un guide personnel, une sorte de rep\u00e8re pour \u00e9quilibrer\u2026","rel":"","context":"Article similaire","img":{"alt_text":"","src":"https:\/\/i2.wp.com\/juliededry.be\/wp-content\/uploads\/2019\/07\/Ju-2.jpg?fit=1200%2C750&ssl=1&resize=350%2C200","width":350,"height":200},"classes":[]},{"id":6349,"url":"https:\/\/juliededry.be\/index.php\/2019\/04\/16\/comment-se-connecter-a-son-energie-profonde-quand-on-change-de-vie-ou-quon-lance-un-business\/","url_meta":{"origin":6495,"position":1},"title":"Comment se connecter \u00e0 son \u00e9nergie profonde quand on change de vie ou qu\u2019on lance un business?","date":"avril 16, 2019","format":false,"excerpt":"Le lien entre mission de vie et motivation. Se reconnecter \u00e0 sa mission de vie devrait \u00eatre la premi\u00e8re \u00e9tape de toute d\u00e9marche entrepreneuriale. D\u00e9velopper un business demande une dose consid\u00e9rable d\u2019\u00e9nergie et s\u2019apparente \u00e0 une v\u00e9ritable course de fond. Se reconnecter \u00e0 sa source primaire d\u2019\u00e9nergie devient alors indispensable.\u2026","rel":"","context":"Article similaire","img":{"alt_text":"","src":"https:\/\/i0.wp.com\/juliededry.be\/wp-content\/uploads\/2019\/04\/Julie-Dedry-3670.png?fit=886%2C591&ssl=1&resize=350%2C200","width":350,"height":200},"classes":[]},{"id":6196,"url":"https:\/\/juliededry.be\/index.php\/2019\/04\/05\/connaissez-vous-vos-parts-dombres\/","url_meta":{"origin":6495,"position":2},"title":"Connaissez-vous vos parts d\u2019ombres ?","date":"avril 5, 2019","format":false,"excerpt":"Je ne sais pas pour vous, mais je suis tr\u00e8s sensible au rythme de la nature. Vous avez surement d\u00fb remarquer que nous venions de vivre un super pleine lune il y a 2 semaines. Et qui dit pleine lune, dit danse entre ombre et lumi\u00e8re. Dans le monde invisible\u2026","rel":"","context":"Article similaire","img":{"alt_text":"","src":"https:\/\/i2.wp.com\/juliededry.be\/wp-content\/uploads\/2019\/04\/lune.png?fit=425%2C283&ssl=1&resize=350%2C200","width":350,"height":200},"classes":[]},{"id":7151,"url":"https:\/\/juliededry.be\/index.php\/2021\/09\/13\/retour-dexperience-se-lever-avec-les-poules\/","url_meta":{"origin":6495,"position":3},"title":"Retour d'exp\u00e9rience: se lever avec les poules.","date":"septembre 13, 2021","format":false,"excerpt":"La r\u00e9daction de cet article a pour but de vous partager mon exp\u00e9rience en lever matinal, activit\u00e9 que je pratique quotidiennement depuis 6 mois maintenant. J\u2019esp\u00e8re que cela vous inspirera et vous aidera tr\u00e8s concr\u00e8tement \u00e0 tester ce magnifique moment! Pourquoi j\u2019ai tent\u00e9 l\u2019aventure Cela fait plusieurs ann\u00e9es que j\u2019entends\u2026","rel":"","context":"Article similaire","img":{"alt_text":"","src":"https:\/\/i1.wp.com\/juliededry.be\/wp-content\/uploads\/2021\/09\/20210428_063341-scaled.jpg?fit=1200%2C900&ssl=1&resize=350%2C200","width":350,"height":200},"classes":[]},{"id":6680,"url":"https:\/\/juliededry.be\/index.php\/2019\/09\/02\/sortir-de-sa-zone-de-confort-grace-aux-routines\/","url_meta":{"origin":6495,"position":4},"title":"Sortir de sa zone de confort gr\u00e2ce aux routines","date":"septembre 2, 2019","format":false,"excerpt":"Qui n\u2019a jamais r\u00eav\u00e9 de changer ses habitudes pour devenir une meilleure version de soi-m\u00eame\u00a0? Et si une p\u00e9riode de transition - de transformation - de vie \u00e9tait le moment id\u00e9al pour se cr\u00e9er de nouveaux rep\u00e8res de vie? Je vous explique pourquoi les routines sont essentielles dans les moments\u2026","rel":"","context":"Article similaire","img":{"alt_text":"","src":"https:\/\/i0.wp.com\/juliededry.be\/wp-content\/uploads\/2019\/09\/JulieDedry-UnLimit-It-0505.jpg?fit=1200%2C800&ssl=1&resize=350%2C200","width":350,"height":200},"classes":[]},{"id":6429,"url":"https:\/\/juliededry.be\/index.php\/2019\/04\/11\/interview-trouver-ton-equilibre-de-vie-ideal-avec-julie-par-cindy-mateus\/","url_meta":{"origin":6495,"position":5},"title":"Interview: Trouver son \u00e9quilibre de vie id\u00e9al avec Julie (par Cindy Mateus)","date":"avril 11, 2019","format":false,"excerpt":"Interview extraite du blog de Cindy Mateus. Retrouvez l'article original sur son blog. Merci \u00e0 elle pour ce super moment ! Devenir entrepreneur est une \u00e9tape \u00e9prouvante\u00a0; on cherche \u00e0 d\u00e9couvrir notre don et comment l\u2019exploiter pour le convertir en business plan. Pour le premier sujet consacr\u00e9 \u00e0 l\u2019entrepreneuriat et\u2026","rel":"","context":"Dans &quot;Article&quot;","img":{"alt_text":"","src":"https:\/\/i1.wp.com\/juliededry.be\/wp-content\/uploads\/2019\/04\/interview.jpg?fit=1200%2C800&ssl=1&resize=350%2C200","width":350,"height":200},"classes":[]}],"_links":{"self":[{"href":"https:\/\/juliededry.be\/index.php\/wp-json\/wp\/v2\/posts\/6495"}],"collection":[{"href":"https:\/\/juliededry.be\/index.php\/wp-json\/wp\/v2\/posts"}],"about":[{"href":"https:\/\/juliededry.be\/index.php\/wp-json\/wp\/v2\/types\/post"}],"author":[{"embeddable":true,"href":"https:\/\/juliededry.be\/index.php\/wp-json\/wp\/v2\/users\/1"}],"replies":[{"embeddable":true,"href":"https:\/\/juliededry.be\/index.php\/wp-json\/wp\/v2\/comments?post=6495"}],"version-history":[{"count":5,"href":"https:\/\/juliededry.be\/index.php\/wp-json\/wp\/v2\/posts\/6495\/revisions"}],"predecessor-version":[{"id":6502,"href":"https:\/\/juliededry.be\/index.php\/wp-json\/wp\/v2\/posts\/6495\/revisions\/6502"}],"wp:featuredmedia":[{"embeddable":true,"href":"https:\/\/juliededry.be\/index.php\/wp-json\/wp\/v2\/media\/6503"}],"wp:attachment":[{"href":"https:\/\/juliededry.be\/index.php\/wp-json\/wp\/v2\/media?parent=6495"}],"wp:term":[{"taxonomy":"category","embeddable":true,"href":"https:\/\/juliededry.be\/index.php\/wp-json\/wp\/v2\/categories?post=6495"},{"taxonomy":"post_tag","embeddable":true,"href":"https:\/\/juliededry.be\/index.php\/wp-json\/wp\/v2\/tags?post=6495"}],"curies":[{"name":"wp","href":"https:\/\/api.w.org\/{rel}","templated":true}]}}