{"id":6567,"date":"2019-07-04T10:20:01","date_gmt":"2019-07-04T10:20:01","guid":{"rendered":"https:\/\/juliededry.be\/?p=6567"},"modified":"2019-07-05T13:47:16","modified_gmt":"2019-07-05T13:47:16","slug":"une-vie-sans-compromis-possible","status":"publish","type":"post","link":"https:\/\/juliededry.be\/index.php\/2019\/07\/04\/une-vie-sans-compromis-possible\/","title":{"rendered":"Vivre une vie align\u00e9e et sans compromis: possible?"},"content":{"rendered":"\n<p>Dans cette p\u00e9riode de Transition, de plus en plus de personnes souhaitent vivre une vie align\u00e9e \u00e0 leur nature profonde mais ne savent pas comment s\u2019y prendre pour passer \u00e0 l\u2019action. Unlimit-it propose une m\u00e9thode d\u2019auto-coaching sur mesure : la cr\u00e9ation d\u2019un guide personnel, une sorte de rep\u00e8re pour \u00e9quilibrer ses 5 domaines de vie et les aligner \u00e0 sa mission de vie. Le but ? Vivre une vie align\u00e9e et sans compromis.  <\/p>\n\n\n\n<h2><strong>Une vie align\u00e9e et sans compromis c\u2019est \u00eatre au bon endroit, au bon moment<\/strong><\/h2>\n\n\n\n<p>Parce qu\u2019on nait tous avec un don \u00e0 offrir au monde,\net que ce talent ne peut rayonner qu\u2019au travers d\u2019une vie \u00e9quilibr\u00e9e,&nbsp; Il est essentiel de se sentir \u00e0 sa juste\nplace, dans sa vie mais aussi au sein de la soci\u00e9t\u00e9, en tant qu\u2019acteur de la\nTransition. <\/p>\n\n\n\n<p>Pour se faire, un cheminement plus ou moins facile\nd\u2019\u00e9quilibrage et d\u2019alignement de sa vie doit \u00eatre effectu\u00e9, dont la finalit\u00e9\nest l\u2019augmentation de sa qualit\u00e9 de vie.<\/p>\n\n\n\n<h2><strong>4 freins qui emp\u00eachent de passer \u00e0 l\u2019action et de vivre une vie align\u00e9e<\/strong><\/h2>\n\n\n\n<p>Dans cette optique, les s\u00e9minaires de d\u00e9veloppement\npersonnels font salle comble mais en m\u00eame temps je remarque au travers de mes\naccompagnements une forme de culpabilit\u00e9 \u00e0 ne pas r\u00e9ussir impl\u00e9menter dans la\nvraie vie ces nouvelles notions.<\/p>\n\n\n\n<p><strong>Il existe selon moi 4 explications \u00e0 ce blocage&nbsp;: <\/strong><\/p>\n\n\n\n<ol><li>soit l\u2019approche en question est <strong>tr\u00e8s masculine<\/strong> et ne tient pas compte de l\u2019importance que rev\u00eat la\ngestion de la charge mentale dans le passage \u00e0 l\u2019action&nbsp;; soit\nl\u2019approche est <strong>trop f\u00e9minine<\/strong> et\nreste trop dans l\u2019introspection au d\u00e9triment du passage \u00e0 l\u2019action.<\/li><li>Une transition de vie\nse vit seul, dans un premier temps. Toutefois, les ajustements n\u00e9cessaires au\nnouvel \u00e9quilibre de vie ne peuvent se faire sans le <strong>soutien de la famille<\/strong> et du conjoint, notamment. Il peut \u00eatre tr\u00e8s\nd\u00e9stabilisant pour les proches de voir la personne \u00e9voluer parfois tr\u00e8s\nrapidement, et de se voir imposer un nouveau rythme de vie, dans lequel tout le\nmonde doit <strong>retrouver sa place<\/strong>. Il\nest donc tr\u00e8s important de g\u00e9rer ces relations afin que chacun se sente\n\u00e0 l\u2019aise durant la phase de transition.<\/li><li>Les <strong>changements de vie<\/strong> (d\u00e9clics, maternit\u00e9,\nmise en m\u00e9nage, burnout, nouvel emploi etc.) sont <strong>holistiques<\/strong>&nbsp;: ils touchent \u00e0 tous les aspects, \u00e0 tous les\nniveaux de vie. Or, peu, voire aucune approche ne tient compte de tous les\naspects dans lesquels l\u2019\u00e9volution de vie va avoir un impact (quotidien,\nfinances, couple etc.).<\/li><li>Souvent, je remarque\nque des personnes se donnent <strong>des\nobjectifs<\/strong> qui au fond ne <strong>correspondent\npas \u00e0 leur vraie nature<\/strong>. Des objectifs de vie d\u00e9termin\u00e9s par des normes\nexternes et non par une r\u00e9elle r\u00e9flexion sur leurs besoins profonds et uniques,\nsur leur mission de vie.<\/li><\/ol>\n\n\n\n<h2><strong>Unlimit-it pour\ns\u2019auto-guider en p\u00e9riode de changement<\/strong><\/h2>\n\n\n\n<p>Suite \u00e0 ces constats et ayant \u00e9t\u00e9 \u00e9galement confront\u00e9e\n\u00e0 ces freins, j\u2019ai test\u00e9 et regroup\u00e9 les meilleures approches en termes&nbsp;:<\/p>\n\n\n\n<ul><li>de centrage&nbsp;: \u00ab&nbsp;<strong>la vision<\/strong>&nbsp;\u00bb &nbsp;(mission de\nvie, visualisation, croyances), <\/li><li>d\u2019organisation&nbsp;: \u00ab&nbsp;<strong>la strat\u00e9gie<\/strong>&nbsp;\u00bb &nbsp;(gestion\ndu temps et des priorit\u00e9s en fonction de son rythme et de ses besoins profonds),\n<\/li><li>de gestion du quotidien&nbsp;: \u00ab&nbsp;<strong>la vraie vie<\/strong>&nbsp;\u00bb (home organizing,\ngestion et r\u00e9partition de la charge mentale)<\/li><li>et de gestion de l\u2019<strong>\u00e9nergie<\/strong> (subtile et physique).<\/li><\/ul>\n\n\n\n<p>Je ai ensuite organis\u00e9es dans un <strong>s\u00e9quen\u00e7age tr\u00e8s pr\u00e9cis <\/strong>ces ressources pour donner naissance \u00e0\nUnlimit-it. &nbsp;Le but&nbsp;: retrouver un\nnouvel \u00e9quilibre de vie, qui&nbsp;:<\/p>\n\n\n\n<ul><li><strong>\u00e9quilibre intuition <\/strong>(le c\u00f4t\u00e9 f\u00e9minin&nbsp;: mission de vie croyances, r\u00f4le, nouvelle vision de vie etc.) et <strong>passage \u00e0 l\u2019action<\/strong> (le c\u00f4t\u00e9 masculin&nbsp;: se donner le temps, red\u00e9finir les r\u00f4le, retrouver un espace chez soi etc.).<\/li><li><strong>implique les proches dans le processus<\/strong>&nbsp;: apr\u00e8s avoir sensibilis\u00e9 notre entourage au nouveau projet de vie, et apr\u00e8s que chacun ait accept\u00e9 de red\u00e9finir sa place (gestion de t\u00e2ches m\u00e9nag\u00e8res, r\u00f4les, place dans la maison, nouvelle gestion du temps etc. ), la m\u00e9thode va permettre d\u2019objectiver les discussions afin d\u2019\u00e9viter les disputes r\u00e9cessives et bloquantes.<\/li><li>Utilise son propre guide de transition. Ce dernier va permettre de se cr\u00e9er de <strong>nouveaux rep\u00e8res de vie<\/strong>, \u00e9quilibr\u00e9s et align\u00e9s \u00e0 sa <strong>mission de vie<\/strong>.&nbsp; Ce guide est organis\u00e9 autour des 5 domaines de vie (professionnel, soin de soi, social, financier et mat\u00e9riel) et se d\u00e9cline en sous guides (quotidien, hebdomadaires et mensuels) Un peu comme des routines qui reprennent les actions \u00e0 mener dans les&nbsp; diff\u00e9rentes sph\u00e8res de vie. <\/li><\/ul>\n\n\n\t<div class=\"wp-block-jetpack-gif\">\n\t\t<figure>\n\t\t\t\t\t\t\t<div class=\"wp-block-jetpack-gif-wrapper\" style=\"padding-top:100%\">\n\t\t\t\t\t<iframe src=\"https:\/\/giphy.com\/embed\/xT8qBit7YomT80d0M8\" title=\"https:\/\/media.giphy.com\/media\/xT8qBit7YomT80d0M8\/giphy.gif\"><\/iframe>\n\t\t\t\t<\/div>\n\t\t\t\t\t\t\t\t<\/figure>\n\t<\/div>\n\t\n\n\n<h2><strong>S\u2019offrir du temps de qualit\u00e9<\/strong><\/h2>\n\n\n\n<p>Le plus important dans cette d\u00e9marche de transition est de s\u2019octroyer du\ntemps pour mettre en place sa nouvelle vie. Pas facile avec un quotidien bien\ncharg\u00e9, me direz-vous. D\u2019autant plus qu\u2019on ne dispose pas toujours d\u2019un espace\npropice \u00e0 ce genre de travail et qu\u2019il est compliqu\u00e9 de prendre du recul sur sa\nvie au beau milieu de son salon\u2026 <\/p>\n\n\n\n<p>C\u2019est pourquoi, je recommande fortement de mener cette r\u00e9flexion dans un cadre <strong>hors de l\u2019espace quotidien<\/strong>, et de le coupler avec une activit\u00e9 <strong>plaisir <\/strong>(au caf\u00e9 du coin avec un bon caf\u00e9, se programmer une petite retraite ou pourquoi pas une journ\u00e9e spa + r\u00e9flexion).&nbsp; <\/p>\n\n\n\n<h2><strong>En couple\u2026 ou en solo red\u00e9finir\nun projet de vie<\/strong><\/h2>\n\n\n\n<p>L\u2019approche est tr\u00e8s int\u00e9ressante \u00e0 vivre en couple. Elle permet d\u2019\u00e9tablir\nun nouveau projet de vie et les sujets de discordes classiques sur la gestion\ndu temps, de la charge mentale et du budget sont objectiv\u00e9es par toutes une\ns\u00e9rie d\u2019outils que la m\u00e9thode propose.<\/p>\n\n\n\n<h2><strong>Entrepreneur ou en pleine\nr\u00e9flexion<\/strong><\/h2>\n\n\n\n<p>Dans les deux cas, se consacrer r\u00e9guli\u00e8rement ce moment de r\u00e9flexion est\nindispensable pour garder les id\u00e9es claires, v\u00e9rifier que les d\u00e9cisions sont\nbien align\u00e9es \u00e0 notre sens et que le rythme de vie est bien \u00e9quilibr\u00e9 entre les\n5 sph\u00e8res de vie. Que vous soyez entrepreneur passionn\u00e9 avec 1000 projets en\nt\u00eate ou en pleine r\u00e9flexion de vie, n\u2019h\u00e9sitez pas \u00e0 vous offrir un moment off\npour r\u00e9fl\u00e9chir \u00ab&nbsp;sur&nbsp;\u00bb votre vie&nbsp;!&nbsp; Une fa\u00e7on de garder le cap et de renouer avec\nses motivations profondes.<\/p>\n\n\n\n<h2><strong>Equilibr\u00e9e mais aussi align\u00e9e<\/strong><\/h2>\n\n\n\n<blockquote class=\"wp-block-quote is-style-large\"><p>Avoir un \u00e9quilibre de vie est important, mais l\u2019aligner sur sa <strong>mission de vie<\/strong> est essentiel. <\/p><p>La mission de vie c\u2019est votre ADN, c\u2019est <strong>une phrase qui r\u00e9sume votre essence<\/strong>, votre authenticit\u00e9. <\/p><p>Celle qui va d\u00e9clencher des moments de \u00ab&nbsp;flow&nbsp;\u00bb une fois mise en pratique. <\/p><p>C\u2019est votre source de motivation intrins\u00e8que, votre source d\u2019\u00e9nergie infinie. <\/p><\/blockquote>\n\n\n\n<h2>Divers exercices peuvent voir aider \u00e0 la d\u00e9finir&nbsp;: <\/h2>\n\n\n\n<ul><li>plonger dans vos souvenirs d\u2019enfance (objets) et en ressortir les\nprincipaux th\u00e8mes<\/li><li>retracer le fil rouge de votre vie par tranche de 5 ans, y noter tous les\n\u00e9v\u00e9nements marquants et d\u00e9cisions (petites ou grandes) qui vous ont marqu\u00e9s,\nles trier ensuite par th\u00e8mes<\/li><li>demander \u00e0 10 personnes diff\u00e9rentes vos 10 principales qualit\u00e9s<\/li><li>Confectionner un tableau d\u2019inspiration et analyser les r\u00e9currences de th\u00e8me<\/li><\/ul>\n\n\n\n<p>Il est toujours int\u00e9ressant de faire ces exercices accompagn\u00e9, pour \u00e9largir\nle champs lexical qui vous d\u00e9finit. L\u2019id\u00e9e est de mettre des mots sur <strong>votre vibration<\/strong> \u00e9nerg\u00e9tique, puis d\u2019en\nretirer une phrase. G\u00e9n\u00e9ralement, une seule s\u00e9ance de 1H30 suffit pour repartir\navec sa mission de vie.&nbsp; <\/p>\n\n\n\n<p>Cette phrase c\u2019est aussi la blessure que vous avez \u00e0 gu\u00e9rir, votre <strong>d\u00e9fi d\u2019incarnation<\/strong>. Et un certain parall\u00e9lisme avec les <strong><a href=\"https:\/\/www.biancagaia.com\/FamilleAme.htm\" target=\"_blank\" rel=\"noreferrer noopener\" aria-label=\"familles d\u2019\u00e2mes (s\u2019ouvre dans un nouvel onglet)\">familles d\u2019\u00e2mes<\/a><\/strong> peut m\u00eame s\u2019effectuer.<\/p>\n\n\n\n<p>Un concept tr\u00e8s int\u00e9ressant pour se connaitre encore mieux et vibrer\n\u00ab&nbsp;juste&nbsp;\u00bb. D\u2019ailleurs ce champs lexical est tr\u00e8s utile pour les\nind\u00e9pendants&nbsp;: il peut \u00eatre utilis\u00e9 sur le site internet ou dans les\ncommunications, ce qui permet d\u2019expliquer de fa\u00e7on pr\u00e9cise qui nous sommes et\ndu coup de <strong>se diff\u00e9rencier plus\nfacilement <\/strong>de la concurrence.<\/p>\n\n\n\n<p>Je suis toujours touch\u00e9e de voir tant de joie \u00e0 la fn de mes s\u00e9ances quand les personnes se \u00ab&nbsp;reconnectent&nbsp;\u00bb vraiment \u00e0 leur Sens, \u00e0 leur \u00ab<strong>&nbsp;WHY<\/strong>&nbsp;\u00bb. <\/p>\n\n\n\t<div class=\"wp-block-jetpack-gif\">\n\t\t<figure>\n\t\t\t\t\t\t\t<div class=\"wp-block-jetpack-gif-wrapper\" style=\"padding-top:54%\">\n\t\t\t\t\t<iframe src=\"https:\/\/giphy.com\/embed\/z1GQ9t8FxipnG\" title=\"https:\/\/media.giphy.com\/media\/z1GQ9t8FxipnG\/giphy.gif\"><\/iframe>\n\t\t\t\t<\/div>\n\t\t\t\t\t\t\t\t<\/figure>\n\t<\/div>\n\t\n\n\n<h2><strong>Incarner\nsa vie<\/strong><\/h2>\n\n\n\n<p><strong><a rel=\"noreferrer noopener\" aria-label=\" (s\u2019ouvre dans un nouvel onglet)\" href=\"https:\/\/juliededry.be\/index.php\/une-vie-sans-compromis-3\/\" target=\"_blank\">Unlimit-it<\/a><\/strong> est avant tout un <strong>\u00e9tat d\u2019esprit <\/strong>qui a \u00e9t\u00e9 transform\u00e9 en <strong>m\u00e9thode<\/strong> <strong>pratico-pratique<\/strong> qui permet d\u2019 amorcer un changement de vie global, \u00e9quilibr\u00e9 et avec son entourage. <strong><a rel=\"noreferrer noopener\" aria-label=\" (s\u2019ouvre dans un nouvel onglet)\" href=\"https:\/\/juliededry.be\/index.php\/une-vie-sans-compromis-3\/\" target=\"_blank\">Unlimit-it<\/a><\/strong> permet aux personnes trop dans l\u2019action de <strong>s\u2019ouvrir \u00e0 la spiritualit\u00e9<\/strong> (\u00e0 leur sens) et aux personnes trop dans l\u2019abstrait de <strong>concr\u00e9tiser leurs inspirations<\/strong> (et donc de passer \u00e0 l\u2019action). <\/p>\n\n\n\n<h2>A vous!<\/h2>\n\n\n\n<p>Envie de vous reconnecter \u00e0 votre sens, vivre une vie align\u00e9e et de canaliser votre \u00e9nergie?<a href=\"https:\/\/juliededry.be\/index.php\/accompagnement-mission-de-vie\/\"> <strong>RDV ic<\/strong><\/a><strong>i<\/strong> et profitez d&#8217;une cession gratuite!<\/p>\n\n\n\n<p>T\u00e9l\u00e9chargez \u00e9galement mon avis sur <a href=\"https:\/\/juliededry.be\/index.php\/bonus-20-livres\/\"><strong>20 livres qui ont chang\u00e9s ma vie<\/strong><\/a><strong>!<\/strong><\/p>\n\n\n\n<figure class=\"wp-block-image\"><img src=\"\" alt=\"\"\/><\/figure>\n\n\n\n<figure class=\"wp-block-image\"><img src=\"\" alt=\"\"\/><\/figure>\n\n\n\n<figure class=\"wp-block-image\"><img src=\"\" alt=\"\"\/><\/figure>\n","protected":false},"excerpt":{"rendered":"<p>Dans cette p\u00e9riode de Transition, de plus en plus de personnes souhaitent vivre une vie align\u00e9e \u00e0 leur nature profonde mais ne savent pas comment s\u2019y prendre pour passer \u00e0 l\u2019action. Unlimit-it propose une m\u00e9thode d\u2019auto-coaching sur mesure : la cr\u00e9ation d\u2019un guide personnel, une sorte de rep\u00e8re pour \u00e9quilibrer ses 5 domaines de vie [&hellip;]<\/p>\n","protected":false},"author":1,"featured_media":6577,"comment_status":"open","ping_status":"open","sticky":false,"template":"","format":"standard","meta":{"spay_email":"","jetpack_publicize_message":"","jetpack_is_tweetstorm":false},"categories":[1],"tags":[],"jetpack_featured_media_url":"https:\/\/i2.wp.com\/juliededry.be\/wp-content\/uploads\/2019\/07\/Ju-2.jpg?fit=1280%2C800&ssl=1","jetpack_publicize_connections":[],"yoast_head":"<!-- This site is optimized with the Yoast SEO plugin v15.7 - https:\/\/yoast.com\/wordpress\/plugins\/seo\/ -->\n<title>Vivre une vie align\u00e9e et sans compromis: possible? - Julie Dedry<\/title>\n<meta name=\"description\" content=\"OUI! Unlimit-it propose une m\u00e9thode d\u2019auto-coaching sur mesure d\u00e9j\u00e0 valid\u00e9e par de nombreuses personnes. Le but ? Vivre une vie align\u00e9e et sans compromis.\" \/>\n<meta name=\"robots\" content=\"index, follow, max-snippet:-1, max-image-preview:large, max-video-preview:-1\" \/>\n<link rel=\"canonical\" href=\"https:\/\/juliededry.be\/index.php\/2019\/07\/04\/une-vie-sans-compromis-possible\/\" \/>\n<meta property=\"og:locale\" content=\"fr_FR\" \/>\n<meta property=\"og:type\" content=\"article\" \/>\n<meta property=\"og:title\" content=\"Vivre une vie align\u00e9e et sans compromis: possible? - Julie Dedry\" \/>\n<meta property=\"og:description\" content=\"OUI! Unlimit-it propose une m\u00e9thode d\u2019auto-coaching sur mesure d\u00e9j\u00e0 valid\u00e9e par de nombreuses personnes. Le but ? Vivre une vie align\u00e9e et sans compromis.\" \/>\n<meta property=\"og:url\" content=\"https:\/\/juliededry.be\/index.php\/2019\/07\/04\/une-vie-sans-compromis-possible\/\" \/>\n<meta property=\"og:site_name\" content=\"Julie Dedry\" \/>\n<meta property=\"article:published_time\" content=\"2019-07-04T10:20:01+00:00\" \/>\n<meta property=\"article:modified_time\" content=\"2019-07-05T13:47:16+00:00\" \/>\n<meta property=\"og:image\" content=\"https:\/\/i2.wp.com\/juliededry.be\/wp-content\/uploads\/2019\/07\/Ju-2.jpg?fit=1280%2C800&#038;ssl=1\" \/>\n\t<meta property=\"og:image:width\" content=\"1280\" \/>\n\t<meta property=\"og:image:height\" content=\"800\" \/>\n<meta name=\"twitter:card\" content=\"summary_large_image\" \/>\n<meta name=\"twitter:label1\" content=\"Dur\u00e9e de lecture est.\">\n\t<meta name=\"twitter:data1\" content=\"8 minutes\">\n<script type=\"application\/ld+json\" class=\"yoast-schema-graph\">{\"@context\":\"https:\/\/schema.org\",\"@graph\":[{\"@type\":\"WebSite\",\"@id\":\"https:\/\/juliededry.be\/#website\",\"url\":\"https:\/\/juliededry.be\/\",\"name\":\"Julie Dedry\",\"description\":\"Cr\\u00e9atrice de routines sur mesure\",\"potentialAction\":[{\"@type\":\"SearchAction\",\"target\":\"https:\/\/juliededry.be\/?s={search_term_string}\",\"query-input\":\"required name=search_term_string\"}],\"inLanguage\":\"fr-FR\"},{\"@type\":\"ImageObject\",\"@id\":\"https:\/\/juliededry.be\/index.php\/2019\/07\/04\/une-vie-sans-compromis-possible\/#primaryimage\",\"inLanguage\":\"fr-FR\",\"url\":\"https:\/\/i2.wp.com\/juliededry.be\/wp-content\/uploads\/2019\/07\/Ju-2.jpg?fit=1280%2C800&ssl=1\",\"width\":1280,\"height\":800},{\"@type\":\"WebPage\",\"@id\":\"https:\/\/juliededry.be\/index.php\/2019\/07\/04\/une-vie-sans-compromis-possible\/#webpage\",\"url\":\"https:\/\/juliededry.be\/index.php\/2019\/07\/04\/une-vie-sans-compromis-possible\/\",\"name\":\"Vivre une vie align\\u00e9e et sans compromis: possible? - Julie Dedry\",\"isPartOf\":{\"@id\":\"https:\/\/juliededry.be\/#website\"},\"primaryImageOfPage\":{\"@id\":\"https:\/\/juliededry.be\/index.php\/2019\/07\/04\/une-vie-sans-compromis-possible\/#primaryimage\"},\"datePublished\":\"2019-07-04T10:20:01+00:00\",\"dateModified\":\"2019-07-05T13:47:16+00:00\",\"author\":{\"@id\":\"https:\/\/juliededry.be\/#\/schema\/person\/abcc577d24773ef8b5dfdaaad9dd08aa\"},\"description\":\"OUI! Unlimit-it propose une m\\u00e9thode d\\u2019auto-coaching sur mesure d\\u00e9j\\u00e0 valid\\u00e9e par de nombreuses personnes. Le but ? Vivre une vie align\\u00e9e et sans compromis.\",\"breadcrumb\":{\"@id\":\"https:\/\/juliededry.be\/index.php\/2019\/07\/04\/une-vie-sans-compromis-possible\/#breadcrumb\"},\"inLanguage\":\"fr-FR\",\"potentialAction\":[{\"@type\":\"ReadAction\",\"target\":[\"https:\/\/juliededry.be\/index.php\/2019\/07\/04\/une-vie-sans-compromis-possible\/\"]}]},{\"@type\":\"BreadcrumbList\",\"@id\":\"https:\/\/juliededry.be\/index.php\/2019\/07\/04\/une-vie-sans-compromis-possible\/#breadcrumb\",\"itemListElement\":[{\"@type\":\"ListItem\",\"position\":1,\"item\":{\"@type\":\"WebPage\",\"@id\":\"https:\/\/juliededry.be\/\",\"url\":\"https:\/\/juliededry.be\/\",\"name\":\"Accueil\"}},{\"@type\":\"ListItem\",\"position\":2,\"item\":{\"@type\":\"WebPage\",\"@id\":\"https:\/\/juliededry.be\/index.php\/2019\/07\/04\/une-vie-sans-compromis-possible\/\",\"url\":\"https:\/\/juliededry.be\/index.php\/2019\/07\/04\/une-vie-sans-compromis-possible\/\",\"name\":\"Vivre une vie align\\u00e9e et sans compromis: possible?\"}}]},{\"@type\":\"Person\",\"@id\":\"https:\/\/juliededry.be\/#\/schema\/person\/abcc577d24773ef8b5dfdaaad9dd08aa\",\"name\":\"admin1710\",\"image\":{\"@type\":\"ImageObject\",\"@id\":\"https:\/\/juliededry.be\/#personlogo\",\"inLanguage\":\"fr-FR\",\"url\":\"https:\/\/secure.gravatar.com\/avatar\/ad7aa694110f8b801d02e8ec66defb70?s=96&d=mm&r=g\",\"caption\":\"admin1710\"}}]}<\/script>\n<!-- \/ Yoast SEO plugin. -->","jetpack_sharing_enabled":true,"jetpack_shortlink":"https:\/\/wp.me\/paiuL7-1HV","jetpack-related-posts":[{"id":6680,"url":"https:\/\/juliededry.be\/index.php\/2019\/09\/02\/sortir-de-sa-zone-de-confort-grace-aux-routines\/","url_meta":{"origin":6567,"position":0},"title":"Sortir de sa zone de confort gr\u00e2ce aux routines","date":"septembre 2, 2019","format":false,"excerpt":"Qui n\u2019a jamais r\u00eav\u00e9 de changer ses habitudes pour devenir une meilleure version de soi-m\u00eame\u00a0? Et si une p\u00e9riode de transition - de transformation - de vie \u00e9tait le moment id\u00e9al pour se cr\u00e9er de nouveaux rep\u00e8res de vie? Je vous explique pourquoi les routines sont essentielles dans les moments\u2026","rel":"","context":"Article similaire","img":{"alt_text":"","src":"https:\/\/i0.wp.com\/juliededry.be\/wp-content\/uploads\/2019\/09\/JulieDedry-UnLimit-It-0505.jpg?fit=1200%2C800&ssl=1&resize=350%2C200","width":350,"height":200},"classes":[]},{"id":6196,"url":"https:\/\/juliededry.be\/index.php\/2019\/04\/05\/connaissez-vous-vos-parts-dombres\/","url_meta":{"origin":6567,"position":1},"title":"Connaissez-vous vos parts d\u2019ombres ?","date":"avril 5, 2019","format":false,"excerpt":"Je ne sais pas pour vous, mais je suis tr\u00e8s sensible au rythme de la nature. Vous avez surement d\u00fb remarquer que nous venions de vivre un super pleine lune il y a 2 semaines. Et qui dit pleine lune, dit danse entre ombre et lumi\u00e8re. Dans le monde invisible\u2026","rel":"","context":"Article similaire","img":{"alt_text":"","src":"https:\/\/i2.wp.com\/juliededry.be\/wp-content\/uploads\/2019\/04\/lune.png?fit=425%2C283&ssl=1&resize=350%2C200","width":350,"height":200},"classes":[]},{"id":6495,"url":"https:\/\/juliededry.be\/index.php\/2019\/05\/13\/je-suis-le-changement\/","url_meta":{"origin":6567,"position":2},"title":"Je suis le changement.","date":"mai 13, 2019","format":false,"excerpt":"Tout remettre en question pour augmenter mon confort, c\u2019est ma nature. Je suis le feu. Je canalise facilement l\u2019\u00e9nergie, elle me traverse \u00e0 la vitesse de l\u2019\u00e9clair. Analyser, r\u00e9fl\u00e9chir, visualiser, \u00eatre inspir\u00e9e (les id\u00e9es fusent h24), m\u2019organiser et passer \u00e0 l\u2019action : je le fais aussi facilement que de me\u2026","rel":"","context":"Article similaire","img":{"alt_text":"","src":"https:\/\/i0.wp.com\/juliededry.be\/wp-content\/uploads\/2019\/05\/JulieDedry-UnLimit-It-0812.jpg?fit=1200%2C800&ssl=1&resize=350%2C200","width":350,"height":200},"classes":[]},{"id":1,"url":"https:\/\/juliededry.be\/index.php\/2018\/08\/27\/hello-world\/","url_meta":{"origin":6567,"position":3},"title":"Au bon endroit, au bon moment!","date":"ao\u00fbt 27, 2018","format":false,"excerpt":"Avez-vous d\u00e9j\u00e0 v\u00e9cu cette sublime sensation d\u2019\u00eatre au bon endroit au bon moment? Cette sensation est une gr\u00e2ce divine que je vis quotidiennement depuis que j\u2019ai chang\u00e9 de vie.\u00a0La gratitude a remplac\u00e9 la malaise latent de ne pas \u00eatre \u00e0 ma place (ainsi que le sentiment de perdre du temps,\u2026","rel":"","context":"Article similaire","img":{"alt_text":"","src":"https:\/\/i2.wp.com\/juliededry.be\/wp-content\/uploads\/2018\/08\/Julie-Dedry-3612-1.jpg?fit=1200%2C800&ssl=1&resize=350%2C200","width":350,"height":200},"classes":[]},{"id":6349,"url":"https:\/\/juliededry.be\/index.php\/2019\/04\/16\/comment-se-connecter-a-son-energie-profonde-quand-on-change-de-vie-ou-quon-lance-un-business\/","url_meta":{"origin":6567,"position":4},"title":"Comment se connecter \u00e0 son \u00e9nergie profonde quand on change de vie ou qu\u2019on lance un business?","date":"avril 16, 2019","format":false,"excerpt":"Le lien entre mission de vie et motivation. Se reconnecter \u00e0 sa mission de vie devrait \u00eatre la premi\u00e8re \u00e9tape de toute d\u00e9marche entrepreneuriale. D\u00e9velopper un business demande une dose consid\u00e9rable d\u2019\u00e9nergie et s\u2019apparente \u00e0 une v\u00e9ritable course de fond. Se reconnecter \u00e0 sa source primaire d\u2019\u00e9nergie devient alors indispensable.\u2026","rel":"","context":"Article similaire","img":{"alt_text":"","src":"https:\/\/i0.wp.com\/juliededry.be\/wp-content\/uploads\/2019\/04\/Julie-Dedry-3670.png?fit=886%2C591&ssl=1&resize=350%2C200","width":350,"height":200},"classes":[]},{"id":5785,"url":"https:\/\/juliededry.be\/index.php\/2019\/03\/08\/ce-netait-pas-le-moment\/","url_meta":{"origin":6567,"position":5},"title":"Ce n\u2019\u00e9tait pas le moment.","date":"mars 8, 2019","format":false,"excerpt":"Quand on a une vision tr\u00e8s pr\u00e9cise de notre vie id\u00e9ale \u00e0 5 ans, il est parfois tr\u00e8s difficile d\u2019attendre tellement les choses sont claires. En un an, ma vie a litt\u00e9ralement chang\u00e9. Et elle aurait pu encore changer du tout au tout les 3 derniers mois\u2026 Une maison qui\u2026","rel":"","context":"Avec 1 commentaire","img":{"alt_text":"","src":"https:\/\/i2.wp.com\/juliededry.be\/wp-content\/uploads\/2019\/03\/Julie-Dedry-3260.jpg?fit=1200%2C800&ssl=1&resize=350%2C200","width":350,"height":200},"classes":[]}],"_links":{"self":[{"href":"https:\/\/juliededry.be\/index.php\/wp-json\/wp\/v2\/posts\/6567"}],"collection":[{"href":"https:\/\/juliededry.be\/index.php\/wp-json\/wp\/v2\/posts"}],"about":[{"href":"https:\/\/juliededry.be\/index.php\/wp-json\/wp\/v2\/types\/post"}],"author":[{"embeddable":true,"href":"https:\/\/juliededry.be\/index.php\/wp-json\/wp\/v2\/users\/1"}],"replies":[{"embeddable":true,"href":"https:\/\/juliededry.be\/index.php\/wp-json\/wp\/v2\/comments?post=6567"}],"version-history":[{"count":6,"href":"https:\/\/juliededry.be\/index.php\/wp-json\/wp\/v2\/posts\/6567\/revisions"}],"predecessor-version":[{"id":6576,"href":"https:\/\/juliededry.be\/index.php\/wp-json\/wp\/v2\/posts\/6567\/revisions\/6576"}],"wp:featuredmedia":[{"embeddable":true,"href":"https:\/\/juliededry.be\/index.php\/wp-json\/wp\/v2\/media\/6577"}],"wp:attachment":[{"href":"https:\/\/juliededry.be\/index.php\/wp-json\/wp\/v2\/media?parent=6567"}],"wp:term":[{"taxonomy":"category","embeddable":true,"href":"https:\/\/juliededry.be\/index.php\/wp-json\/wp\/v2\/categories?post=6567"},{"taxonomy":"post_tag","embeddable":true,"href":"https:\/\/juliededry.be\/index.php\/wp-json\/wp\/v2\/tags?post=6567"}],"curies":[{"name":"wp","href":"https:\/\/api.w.org\/{rel}","templated":true}]}}