{"id":7079,"date":"2020-11-05T13:09:22","date_gmt":"2020-11-05T13:09:22","guid":{"rendered":"https:\/\/juliededry.be\/?p=7079"},"modified":"2020-11-05T14:25:32","modified_gmt":"2020-11-05T14:25:32","slug":"la-routine-du-matin-sensations-purification-et-mise-en-condition","status":"publish","type":"post","link":"https:\/\/juliededry.be\/index.php\/2020\/11\/05\/la-routine-du-matin-sensations-purification-et-mise-en-condition\/","title":{"rendered":"La routine du matin: sensations, purification et mise en condition."},"content":{"rendered":"\t\t<div data-elementor-type=\"wp-post\" data-elementor-id=\"7079\" class=\"elementor elementor-7079\" data-elementor-settings=\"[]\">\n\t\t\t\t\t\t<div class=\"elementor-inner\">\n\t\t\t\t\t\t\t<div class=\"elementor-section-wrap\">\n\t\t\t\t\t\t\t<section class=\"has_eae_slider elementor-section elementor-top-section elementor-element elementor-element-16dada18 elementor-section-boxed elementor-section-height-default elementor-section-height-default\" data-id=\"16dada18\" data-element_type=\"section\">\n\t\t\t\t\t\t<div class=\"elementor-container elementor-column-gap-default\">\n\t\t\t\t\t\t\t<div class=\"elementor-row\">\n\t\t\t\t\t<div class=\"has_eae_slider elementor-column elementor-col-100 elementor-top-column elementor-element elementor-element-154af061\" data-id=\"154af061\" data-element_type=\"column\">\n\t\t\t<div class=\"elementor-column-wrap elementor-element-populated\">\n\t\t\t\t\t\t\t<div class=\"elementor-widget-wrap\">\n\t\t\t\t\t\t<div class=\"elementor-element elementor-element-6f75221f elementor-widget elementor-widget-text-editor\" data-id=\"6f75221f\" data-element_type=\"widget\" data-widget_type=\"text-editor.default\">\n\t\t\t\t<div class=\"elementor-widget-container\">\n\t\t\t\t\t<div class=\"elementor-text-editor elementor-clearfix\"><p><!-- wp:paragraph --><\/p>\n<p>Dans cet article, je vous parle de routine matinale (et de douche froide) et pourquoi leur pratique nous aide \u00e0 \u00e9voluer au travers de la discipline.\u00a0<\/p>\n<p>Pour illustrer mon propos, je vais vous partager ma pratique matinale et mon retour d&#8217;exp\u00e9rience \u00e0 ce sujet.\u00a0 J&#8217;esp\u00e8re que mon t\u00e9moignage vous inspira \u00e0 cr\u00e9er et \u00e0 pratiquer votre routine afin de vous faire du bien et surtout, de vous aider \u00e0 \u00e9voluer!<\/p>\n<p>Si vous vous demandez ce qu\u2019est une routine, pourquoi et comment les pratiquer\u00a0: <a href=\"https:\/\/juliededry.be\/index.php\/etre-au-bon-endroit-au-bon-moment\/\">rdv<\/a> ici pour le d\u00e9couvrir.<\/p>\n<h1><strong>L\u2019intention de d\u00e9part<\/strong><\/h1>\n<p>La mise en place de la routine matinale a commenc\u00e9 par une r\u00e9flexion autour de ce que je voulais ressentir et exp\u00e9rimenter d\u00e8s mon r\u00e9veil.<\/p>\n<p>Suite \u00e0 cette introspection, j&#8217;ai d\u00e9couvert que mon intention pour cette routine \u00e9tait de me reconnecter \u00e0 mes sensations et \u00e0 mon corps, de me consacrer un moment de soin et de purification. Je d\u00e9sirais \u00e9galement me mettre dans de bonnes conditions pour entamer la journ\u00e9e.<\/p>\n<p>Chaque jour, lorsque je me connecte \u00e0 cette intention, je la vis depuis le plus profond de moi et cela me procure beaucoup de joie et donc me fournit une dose consid\u00e9rable d\u2019\u00e9nergie et de motivation pour poursuivre ma pratique.<\/p>\n<h1><strong>Se couper du mental et \u00eatre dans son corps<\/strong><\/h1>\n<p>Ce rituel, je ne le pratique pas parce que c\u2019est bon pour la sant\u00e9 ou l\u2019immunit\u00e9 (mais tant mieux\u2026) mais je le fais parce que j\u2019en ai besoin. \u00c7a me permet de me sentir vivante et d\u2019avoir la sensation de d\u00e9passer mon mental.<\/p>\n<p>J&#8217;entre et je reste en connexion avec mon corps, chaque jour, je le sens vibrer, plein de vie.<\/p>\n<p>Il s\u2019agit de retrouvailles. C&#8217;est un moment Sacr\u00e9, d\u2019introspection et de pr\u00e9paration.<\/p>\n<p><strong>Une c\u00e9l\u00e9bration en quelques sorte<\/strong>\u2026<\/p>\n<p>Le fait de le pratiquer chaque jour me permet de conserver un rep\u00e8re, peut-importe mon \u00e9tat et le contexte puisque cette routine ne d\u00e9pend QUE de moi.<\/p>\n<h1><strong>Savoir s\u2019arr\u00eater de pratiquer est tout aussi important que de se remettre \u00e0 pratiquer.<\/strong><\/h1>\n<p>Il ne s\u2019agit pas d\u2019une astreinte que je m\u2019inflige, bien au contraire car je garde une libert\u00e9 dans la pratique\u00a0: si j\u2019ai envie de rester un peu dans mon lit le week-end, ou de descendre pour fl\u00e2ner en pyjama avec les enfants, je ne prends pas de douche froide. Ainsi, je suis tr\u00e8s heureuse de la retrouver le lendemain et de reprendre les bonnes habitudes\u00a0!<\/p>\n<p>Le fait de s\u2019autoriser \u00e0 ne pas pratiquer nourri paradoxalement notre engagement dans la pratique. Ce mouvement perp\u00e9tuel entre la pratique et\u00a0la non pratique (<b>la discipline<\/b>) permet de suivre son rythme et ses envies, tout en retournant r\u00e9guli\u00e8rement \u00e0 l\u2019\u00e9quilibre.<\/p>\n<p>C\u2019est pr\u00e9cis\u00e9ment ce retour r\u00e9gulier \u00e0 l\u2019\u00e9quilibre qui constitue pour moi l\u2019essence de toute pratique.<\/p>\n<p>Le fait de savoir qu\u2019on s\u2019y remet le lendemain suffit \u00e0 nourrir notre motivation de retour \u00e0 l\u2019\u00e9quilibre. Et ceci est valable pour toutes les pratiques\u00a0: alimentation \u00e9quilibr\u00e9e, sport, travail etc.<\/p>\n<h1><strong>Une douche froide<\/strong><\/h1>\n<p>Apr\u00e8s un r\u00e9veil vers 6h du matin, je file dans la salle de bain, que je mets chauffer assez fort, et j\u2019entame un brossage \u00e0 sec du corps pendant +\/- 10 bonnes minutes. Je m\u2019enduis ensuite d\u2019huile (actuellement\u00a0: l\u2019huile de noisette) et pendant qu\u2019elle p\u00e9n\u00e8tre bri\u00e8vement, je lave mon visage \u00e0 l\u2019eau ti\u00e8de et nettoie ma langue.<\/p>\n<p>Je passe ensuite \u00e0 la douche froide\u00a0: je mouille d\u2019abord mes pieds, puis mes mains, ensuite mes jambes. Je remonte jusqu\u2019au bassin et passe directement au torse et au dos. Je ne me mouille jamais plus haut que le menton et ne m\u2019attarde pas sur les cuisses (il parait que \u00e7a d\u00e9min\u00e9ralise). Avant de passer d\u2019une partie du corps \u00e0 l\u2019autre, j\u2019attends de sentir ma peau chauffer au fur et \u00e0 mesure que le froid p\u00e9n\u00e8tre. Je reste ensuite min 5 min \u00e0 me frictionner, jusqu\u2019\u00e0 ce que je ne sente plus le froid. (Il ne s\u2019agit pas d\u2019une douche pour se laver, je le fais la veille au soir).<\/p>\n<p>Le secret de la douche froide r\u00e9side, pour ma part, dans le fait de chauffer la peau avec le brossage, puis de la prot\u00e9ger avec une couche d\u2019huile (et puis, rien que le fait de frotter et d\u2019enduire son corps dans une salle de bain surchauff\u00e9e me donne chaud\u00a0!).<\/p>\n<p>La respiration, indispensable, (une sorte de shhhhhhhhh qui sort des tripes) me permet d\u2019\u00e9vacuer toutes mes \u00e9motions n\u00e9gatives et de supporter le \u00abchoc \u00bb. J\u2019ai d\u00e9couvert dans le reportage de Goop, sur Netflix, Wim Hof (alias Iceman) qui pratique non seulement la douche froide, mais \u00e9galement l\u2019immersion en eau glac\u00e9e. Il vente les m\u00e9rites de l\u2019hydroth\u00e9rapie par le froid et explique comment adapter sa respiration pour y parvenir. Je ne sais pas si j\u2019utilise ses techniques durant mes douches, mais j\u2019ai remarqu\u00e9 que la respiration et la concentration \u00e9taient fondamentales pour supporter le froid et diminuer consid\u00e9rablement l\u2019inconfort (il faut le tester pour le comprendre !). Il ne suffit pas de crier et de gesticuler, il s\u2019agit de se centrer et d\u2019\u00e9vacuer correctement le stress li\u00e9 au froid.<\/p>\n<p>Id\u00e9alement, je souhaiterais pratiquer ce rituel seule (avec une bougie et des mantras en musique de fond), mais c\u2019est souvent compliqu\u00e9 car les enfants se l\u00e8vent en m\u00eame temps que moi. Je m\u2019agite donc devant eux et j\u2019apprends \u00e0 me centrer malgr\u00e9 leur sollicitations\u2026 Je n\u2019ai pas encore test\u00e9 le fait de me lever 30 minutes plus t\u00f4t, un jour peut-\u00eatre \ud83d\ude42<\/p>\n<h1><strong>R\u00e9confort et\u00a0apparat<\/strong><\/h1>\n<p>Ensuite, j\u2019enfile un gros peignoir bien chaud et je me parfume g\u00e9n\u00e9reusement avec une eau de corps (l\u2019Eau Fraiche de Clarins)\u00a0pour augmenter l\u2019effet vivifiant\u2026<\/p>\n<p>Je m\u2019habille ensuite rapidement en veillant \u00e0 mettre un gros pull, chaussettes et pantoufles. Le plaisir ultime est d\u2019enfiler des v\u00eatements en mati\u00e8res naturelles, fins et confortables.<\/p>\n<p>Je ressens de plus en plus le besoin de me v\u00eatir de blanc : la sensation de puret\u00e9 et de clart\u00e9 est vraiment amplifi\u00e9e dans cette couleur lumineuse et m\u2019aide ainsi \u00e0 conserver de bonnes vibrations.<\/p>\n<p>Je descends ensuite prendre mon petit-d\u00e9jeuner que j\u2019entame toujours avec une grande infusion de menthe pour me r\u00e9chauffer. \u00a0Me voil\u00e0 pr\u00eate pour entamer ma journ\u00e9e et poursuivre avec ma routine du travail que je vous partagerai prochainement.<\/p>\n<h1><strong>L\u2019effet\u00a0?\u00a0Un reset\u00a0!<\/strong><\/h1>\n<p>La sensation est incroyable et tr\u00e8s addictive. Ce processus (qui n\u2019est en rien \u00ab officiel \u00bb et retourne de ma propre exp\u00e9rience) donne des sensations tr\u00e8s diff\u00e9rentes que si vous terminiez votre douche habituelle par une douche froide\u2026 G\u00e9n\u00e9ralement, je me r\u00e9veille avec quelques courbatures, et elles disparaissent durant la douche, avec ma mauvaise humeur lorsqu\u2019elle s\u2019invite au r\u00e9veil\u2026<\/p>\n<p>Je ressens que la douche me permet de remettre toutes mes \u00e9nergies en place et d\u2019\u00e9vacuer ce qui doit l\u2019\u00eatre. Le brossage du corps, l\u2019eau froide, le challenge, la respiration\u2026 Tout concours \u00e0 clarifier l\u2019aura.<\/p>\n<p>Outre les effets b\u00e9n\u00e9fiques sur ma peau (raffermie, moins d\u2019imperfections, liss\u00e9e, tonique, clarifi\u00e9e etc.), je me sens super fi\u00e8re lorsque j\u2019enfile mon peignoir. Je me sens forte et boost\u00e9e. C\u2019est comme si je me donnais la chance de partir du bon pied, peu importe les circonstances ou mon humeur.<\/p>\n<h1><strong>Et vous?<\/strong><\/h1>\n<ul>\n<li>Pratiquez-vous d\u00e9j\u00e0 une routine qui vous met dans un tel \u00e9tat\u00a0?<\/li>\n<li>Quelle est votre intention de d\u00e9part\u00a0?\u00a0\u00a0<\/li>\n<li>Avez-vous d\u00e9j\u00e0 r\u00e9fl\u00e9chi au d\u00e9roulement id\u00e9al de votre r\u00e9veil\u00a0?<\/li>\n<li>Quelles sont les sensations que vous d\u00e9sirez vivre le matin\u00a0?<\/li>\n<li>Comment vous honorez-vous au d\u00e9but de chaque journ\u00e9e\u00a0?<\/li>\n<li>Avez-vous rencontr\u00e9 des freins dans la pratique d\u2019une routine matinale\u00a0?<\/li>\n<\/ul>\n<p>Cela m\u2019int\u00e9resse de d\u00e9couvrir d\u2019autres approches: n\u2019h\u00e9sitez pas \u00e0 m\u2019en faire part!<\/p>\n<p><!-- \/wp:paragraph --><\/p><\/div>\n\t\t\t\t<\/div>\n\t\t\t\t<\/div>\n\t\t\t\t\t\t<\/div>\n\t\t\t\t\t<\/div>\n\t\t<\/div>\n\t\t\t\t\t\t\t\t<\/div>\n\t\t\t\t\t<\/div>\n\t\t<\/section>\n\t\t\t\t<section class=\"has_eae_slider elementor-section elementor-top-section elementor-element elementor-element-f131ccd elementor-section-boxed elementor-section-height-default elementor-section-height-default\" data-id=\"f131ccd\" data-element_type=\"section\">\n\t\t\t\t\t\t<div class=\"elementor-container elementor-column-gap-default\">\n\t\t\t\t\t\t\t<div class=\"elementor-row\">\n\t\t\t\t\t<div class=\"has_eae_slider elementor-column elementor-col-100 elementor-top-column elementor-element elementor-element-8a9e5e9\" data-id=\"8a9e5e9\" data-element_type=\"column\">\n\t\t\t<div class=\"elementor-column-wrap\">\n\t\t\t\t\t\t\t<div class=\"elementor-widget-wrap\">\n\t\t\t\t\t\t\t\t<\/div>\n\t\t\t\t\t<\/div>\n\t\t<\/div>\n\t\t\t\t\t\t\t\t<\/div>\n\t\t\t\t\t<\/div>\n\t\t<\/section>\n\t\t\t\t\t\t<\/div>\n\t\t\t\t\t\t<\/div>\n\t\t\t\t\t<\/div>\n\t\t","protected":false},"excerpt":{"rendered":"<p>Dans cet article, je vous parle de routine matinale (et de douche froide) et pourquoi leur pratique nous aide \u00e0 \u00e9voluer au travers de la discipline.\u00a0 Pour illustrer mon propos, je vais vous partager ma pratique matinale et mon retour d&#8217;exp\u00e9rience \u00e0 ce sujet.\u00a0 J&#8217;esp\u00e8re que mon t\u00e9moignage vous inspira \u00e0 cr\u00e9er et \u00e0 pratiquer [&hellip;]<\/p>\n","protected":false},"author":1,"featured_media":7088,"comment_status":"open","ping_status":"open","sticky":false,"template":"","format":"standard","meta":{"spay_email":"","jetpack_publicize_message":"","jetpack_is_tweetstorm":false},"categories":[1],"tags":[],"jetpack_featured_media_url":"https:\/\/i0.wp.com\/juliededry.be\/wp-content\/uploads\/2020\/11\/douche-froide-bienfaits-ou-danger-rawcoco-1170x774-1.jpg?fit=1170%2C774&ssl=1","jetpack_publicize_connections":[],"yoast_head":"<!-- This site is optimized with the Yoast SEO plugin v15.7 - https:\/\/yoast.com\/wordpress\/plugins\/seo\/ -->\n<title>La routine du matin: sensations, purification et mise en condition. - Julie Dedry<\/title>\n<meta name=\"robots\" content=\"index, follow, max-snippet:-1, max-image-preview:large, max-video-preview:-1\" \/>\n<link rel=\"canonical\" href=\"https:\/\/juliededry.be\/index.php\/2020\/11\/05\/la-routine-du-matin-sensations-purification-et-mise-en-condition\/\" \/>\n<meta property=\"og:locale\" content=\"fr_FR\" \/>\n<meta property=\"og:type\" content=\"article\" \/>\n<meta property=\"og:title\" content=\"La routine du matin: sensations, purification et mise en condition. - Julie Dedry\" \/>\n<meta property=\"og:description\" content=\"Dans cet article, je vous parle de routine matinale (et de douche froide) et pourquoi leur pratique nous aide \u00e0 \u00e9voluer au travers de la discipline.\u00a0 Pour illustrer mon propos, je vais vous partager ma pratique matinale et mon retour d&#8217;exp\u00e9rience \u00e0 ce sujet.\u00a0 J&#8217;esp\u00e8re que mon t\u00e9moignage vous inspira \u00e0 cr\u00e9er et \u00e0 pratiquer [&hellip;]\" \/>\n<meta property=\"og:url\" content=\"https:\/\/juliededry.be\/index.php\/2020\/11\/05\/la-routine-du-matin-sensations-purification-et-mise-en-condition\/\" \/>\n<meta property=\"og:site_name\" content=\"Julie Dedry\" \/>\n<meta property=\"article:published_time\" content=\"2020-11-05T13:09:22+00:00\" \/>\n<meta property=\"article:modified_time\" content=\"2020-11-05T14:25:32+00:00\" \/>\n<meta property=\"og:image\" content=\"https:\/\/i0.wp.com\/juliededry.be\/wp-content\/uploads\/2020\/11\/douche-froide-bienfaits-ou-danger-rawcoco-1170x774-1.jpg?fit=1170%2C774&#038;ssl=1\" \/>\n\t<meta property=\"og:image:width\" content=\"1170\" \/>\n\t<meta property=\"og:image:height\" content=\"774\" \/>\n<meta name=\"twitter:card\" content=\"summary_large_image\" \/>\n<meta name=\"twitter:label1\" content=\"Dur\u00e9e de lecture est.\">\n\t<meta name=\"twitter:data1\" content=\"7 minutes\">\n<script type=\"application\/ld+json\" class=\"yoast-schema-graph\">{\"@context\":\"https:\/\/schema.org\",\"@graph\":[{\"@type\":\"WebSite\",\"@id\":\"https:\/\/juliededry.be\/#website\",\"url\":\"https:\/\/juliededry.be\/\",\"name\":\"Julie Dedry\",\"description\":\"Cr\\u00e9atrice de routines sur mesure\",\"potentialAction\":[{\"@type\":\"SearchAction\",\"target\":\"https:\/\/juliededry.be\/?s={search_term_string}\",\"query-input\":\"required name=search_term_string\"}],\"inLanguage\":\"fr-FR\"},{\"@type\":\"ImageObject\",\"@id\":\"https:\/\/juliededry.be\/index.php\/2020\/11\/05\/la-routine-du-matin-sensations-purification-et-mise-en-condition\/#primaryimage\",\"inLanguage\":\"fr-FR\",\"url\":\"https:\/\/i0.wp.com\/juliededry.be\/wp-content\/uploads\/2020\/11\/douche-froide-bienfaits-ou-danger-rawcoco-1170x774-1.jpg?fit=1170%2C774&ssl=1\",\"width\":1170,\"height\":774},{\"@type\":\"WebPage\",\"@id\":\"https:\/\/juliededry.be\/index.php\/2020\/11\/05\/la-routine-du-matin-sensations-purification-et-mise-en-condition\/#webpage\",\"url\":\"https:\/\/juliededry.be\/index.php\/2020\/11\/05\/la-routine-du-matin-sensations-purification-et-mise-en-condition\/\",\"name\":\"La routine du matin: sensations, purification et mise en condition. - Julie Dedry\",\"isPartOf\":{\"@id\":\"https:\/\/juliededry.be\/#website\"},\"primaryImageOfPage\":{\"@id\":\"https:\/\/juliededry.be\/index.php\/2020\/11\/05\/la-routine-du-matin-sensations-purification-et-mise-en-condition\/#primaryimage\"},\"datePublished\":\"2020-11-05T13:09:22+00:00\",\"dateModified\":\"2020-11-05T14:25:32+00:00\",\"author\":{\"@id\":\"https:\/\/juliededry.be\/#\/schema\/person\/abcc577d24773ef8b5dfdaaad9dd08aa\"},\"breadcrumb\":{\"@id\":\"https:\/\/juliededry.be\/index.php\/2020\/11\/05\/la-routine-du-matin-sensations-purification-et-mise-en-condition\/#breadcrumb\"},\"inLanguage\":\"fr-FR\",\"potentialAction\":[{\"@type\":\"ReadAction\",\"target\":[\"https:\/\/juliededry.be\/index.php\/2020\/11\/05\/la-routine-du-matin-sensations-purification-et-mise-en-condition\/\"]}]},{\"@type\":\"BreadcrumbList\",\"@id\":\"https:\/\/juliededry.be\/index.php\/2020\/11\/05\/la-routine-du-matin-sensations-purification-et-mise-en-condition\/#breadcrumb\",\"itemListElement\":[{\"@type\":\"ListItem\",\"position\":1,\"item\":{\"@type\":\"WebPage\",\"@id\":\"https:\/\/juliededry.be\/\",\"url\":\"https:\/\/juliededry.be\/\",\"name\":\"Accueil\"}},{\"@type\":\"ListItem\",\"position\":2,\"item\":{\"@type\":\"WebPage\",\"@id\":\"https:\/\/juliededry.be\/index.php\/2020\/11\/05\/la-routine-du-matin-sensations-purification-et-mise-en-condition\/\",\"url\":\"https:\/\/juliededry.be\/index.php\/2020\/11\/05\/la-routine-du-matin-sensations-purification-et-mise-en-condition\/\",\"name\":\"La routine du matin: sensations, purification et mise en condition.\"}}]},{\"@type\":\"Person\",\"@id\":\"https:\/\/juliededry.be\/#\/schema\/person\/abcc577d24773ef8b5dfdaaad9dd08aa\",\"name\":\"admin1710\",\"image\":{\"@type\":\"ImageObject\",\"@id\":\"https:\/\/juliededry.be\/#personlogo\",\"inLanguage\":\"fr-FR\",\"url\":\"https:\/\/secure.gravatar.com\/avatar\/ad7aa694110f8b801d02e8ec66defb70?s=96&d=mm&r=g\",\"caption\":\"admin1710\"}}]}<\/script>\n<!-- \/ Yoast SEO plugin. -->","jetpack_sharing_enabled":true,"jetpack_shortlink":"https:\/\/wp.me\/paiuL7-1Qb","jetpack-related-posts":[{"id":6680,"url":"https:\/\/juliededry.be\/index.php\/2019\/09\/02\/sortir-de-sa-zone-de-confort-grace-aux-routines\/","url_meta":{"origin":7079,"position":0},"title":"Sortir de sa zone de confort gr\u00e2ce aux routines","date":"septembre 2, 2019","format":false,"excerpt":"Qui n\u2019a jamais r\u00eav\u00e9 de changer ses habitudes pour devenir une meilleure version de soi-m\u00eame\u00a0? Et si une p\u00e9riode de transition - de transformation - de vie \u00e9tait le moment id\u00e9al pour se cr\u00e9er de nouveaux rep\u00e8res de vie? Je vous explique pourquoi les routines sont essentielles dans les moments\u2026","rel":"","context":"Article similaire","img":{"alt_text":"","src":"https:\/\/i0.wp.com\/juliededry.be\/wp-content\/uploads\/2019\/09\/JulieDedry-UnLimit-It-0505.jpg?fit=1200%2C800&ssl=1&resize=350%2C200","width":350,"height":200},"classes":[]},{"id":5339,"url":"https:\/\/juliededry.be\/index.php\/2019\/02\/17\/la-celebration-vs-les-routines\/","url_meta":{"origin":7079,"position":1},"title":"La c\u00e9l\u00e9bration vs. les routines","date":"f\u00e9vrier 17, 2019","format":false,"excerpt":"Le mot \u201croutine\u201d est triste et ennuyeux. Je sens que ce mot plombe mon \u00e9nergie. Je sens que derri\u00e8re ce terme se cache bien plus. Quelque chose de beaucoup plus grand et puissant. De plus sacr\u00e9. Alors oui on peut parler aussi de \u201crituel\u201d, mais perso, je trouve ce terme\u2026","rel":"","context":"Article similaire","img":{"alt_text":"","src":"https:\/\/i0.wp.com\/juliededry.be\/wp-content\/uploads\/2019\/02\/Julie-Dedry-3174.jpg?fit=1200%2C800&ssl=1&resize=350%2C200","width":350,"height":200},"classes":[]},{"id":6358,"url":"https:\/\/juliededry.be\/index.php\/2019\/04\/24\/respecter-son-rythme-ou-avoir-de-la-discipline-comment-faire-pour-rester-motive\/","url_meta":{"origin":7079,"position":2},"title":"Respecter son rythme ou avoir de la discipline : comment faire pour rester motiv\u00e9 ?","date":"avril 24, 2019","format":false,"excerpt":"J\u2019ai regard\u00e9 une vid\u00e9o de Will Smith sur insta TV ce matin, et il y pr\u00f4nait la discipline. Cette histoire m\u2019a chipot\u00e9 toute la journ\u00e9e, d'autant plus que je suis en train de lire \"le pouvoir des habitudes\"\u2026 Tous les athl\u00e8tes, les acteurs, les stars ne jurent que par ce\u2026","rel":"","context":"Article similaire","img":{"alt_text":"","src":"https:\/\/i0.wp.com\/juliededry.be\/wp-content\/uploads\/2019\/04\/Discipline.jpg?fit=1200%2C800&ssl=1&resize=350%2C200","width":350,"height":200},"classes":[]},{"id":1,"url":"https:\/\/juliededry.be\/index.php\/2018\/08\/27\/hello-world\/","url_meta":{"origin":7079,"position":3},"title":"Au bon endroit, au bon moment!","date":"ao\u00fbt 27, 2018","format":false,"excerpt":"Avez-vous d\u00e9j\u00e0 v\u00e9cu cette sublime sensation d\u2019\u00eatre au bon endroit au bon moment? Cette sensation est une gr\u00e2ce divine que je vis quotidiennement depuis que j\u2019ai chang\u00e9 de vie.\u00a0La gratitude a remplac\u00e9 la malaise latent de ne pas \u00eatre \u00e0 ma place (ainsi que le sentiment de perdre du temps,\u2026","rel":"","context":"Article similaire","img":{"alt_text":"","src":"https:\/\/i2.wp.com\/juliededry.be\/wp-content\/uploads\/2018\/08\/Julie-Dedry-3612-1.jpg?fit=1200%2C800&ssl=1&resize=350%2C200","width":350,"height":200},"classes":[]},{"id":7151,"url":"https:\/\/juliededry.be\/index.php\/2021\/09\/13\/retour-dexperience-se-lever-avec-les-poules\/","url_meta":{"origin":7079,"position":4},"title":"Retour d'exp\u00e9rience: se lever avec les poules.","date":"septembre 13, 2021","format":false,"excerpt":"La r\u00e9daction de cet article a pour but de vous partager mon exp\u00e9rience en lever matinal, activit\u00e9 que je pratique quotidiennement depuis 6 mois maintenant. J\u2019esp\u00e8re que cela vous inspirera et vous aidera tr\u00e8s concr\u00e8tement \u00e0 tester ce magnifique moment! Pourquoi j\u2019ai tent\u00e9 l\u2019aventure Cela fait plusieurs ann\u00e9es que j\u2019entends\u2026","rel":"","context":"Article similaire","img":{"alt_text":"","src":"https:\/\/i1.wp.com\/juliededry.be\/wp-content\/uploads\/2021\/09\/20210428_063341-scaled.jpg?fit=1200%2C900&ssl=1&resize=350%2C200","width":350,"height":200},"classes":[]},{"id":6429,"url":"https:\/\/juliededry.be\/index.php\/2019\/04\/11\/interview-trouver-ton-equilibre-de-vie-ideal-avec-julie-par-cindy-mateus\/","url_meta":{"origin":7079,"position":5},"title":"Interview: Trouver son \u00e9quilibre de vie id\u00e9al avec Julie (par Cindy Mateus)","date":"avril 11, 2019","format":false,"excerpt":"Interview extraite du blog de Cindy Mateus. Retrouvez l'article original sur son blog. Merci \u00e0 elle pour ce super moment ! Devenir entrepreneur est une \u00e9tape \u00e9prouvante\u00a0; on cherche \u00e0 d\u00e9couvrir notre don et comment l\u2019exploiter pour le convertir en business plan. Pour le premier sujet consacr\u00e9 \u00e0 l\u2019entrepreneuriat et\u2026","rel":"","context":"Dans &quot;Article&quot;","img":{"alt_text":"","src":"https:\/\/i1.wp.com\/juliededry.be\/wp-content\/uploads\/2019\/04\/interview.jpg?fit=1200%2C800&ssl=1&resize=350%2C200","width":350,"height":200},"classes":[]}],"_links":{"self":[{"href":"https:\/\/juliededry.be\/index.php\/wp-json\/wp\/v2\/posts\/7079"}],"collection":[{"href":"https:\/\/juliededry.be\/index.php\/wp-json\/wp\/v2\/posts"}],"about":[{"href":"https:\/\/juliededry.be\/index.php\/wp-json\/wp\/v2\/types\/post"}],"author":[{"embeddable":true,"href":"https:\/\/juliededry.be\/index.php\/wp-json\/wp\/v2\/users\/1"}],"replies":[{"embeddable":true,"href":"https:\/\/juliededry.be\/index.php\/wp-json\/wp\/v2\/comments?post=7079"}],"version-history":[{"count":4,"href":"https:\/\/juliededry.be\/index.php\/wp-json\/wp\/v2\/posts\/7079\/revisions"}],"predecessor-version":[{"id":7093,"href":"https:\/\/juliededry.be\/index.php\/wp-json\/wp\/v2\/posts\/7079\/revisions\/7093"}],"wp:featuredmedia":[{"embeddable":true,"href":"https:\/\/juliededry.be\/index.php\/wp-json\/wp\/v2\/media\/7088"}],"wp:attachment":[{"href":"https:\/\/juliededry.be\/index.php\/wp-json\/wp\/v2\/media?parent=7079"}],"wp:term":[{"taxonomy":"category","embeddable":true,"href":"https:\/\/juliededry.be\/index.php\/wp-json\/wp\/v2\/categories?post=7079"},{"taxonomy":"post_tag","embeddable":true,"href":"https:\/\/juliededry.be\/index.php\/wp-json\/wp\/v2\/tags?post=7079"}],"curies":[{"name":"wp","href":"https:\/\/api.w.org\/{rel}","templated":true}]}}