{"id":7128,"date":"2021-02-02T13:30:41","date_gmt":"2021-02-02T13:30:41","guid":{"rendered":"https:\/\/juliededry.be\/?p=7128"},"modified":"2021-02-02T13:33:32","modified_gmt":"2021-02-02T13:33:32","slug":"listes-des-ingredients-du-materiel-et-des-livres-pour-une-cuisine-saine","status":"publish","type":"post","link":"https:\/\/juliededry.be\/index.php\/2021\/02\/02\/listes-des-ingredients-du-materiel-et-des-livres-pour-une-cuisine-saine\/","title":{"rendered":"Listes des ingr\u00e9dients, du mat\u00e9riel et des livres pour une cuisine saine"},"content":{"rendered":"\n<div class=\"wp-block-file\"><a href=\"https:\/\/juliededry.be\/wp-content\/uploads\/2021\/02\/Listes-des-ingre\u0301dients-du-mate\u0301riel-et-des-livres-pour-une-cuisine-saine.pdf\">Listes-des-ingre\u0301dients-du-mate\u0301riel-et-des-livres-pour-une-cuisine-saine<\/a><a href=\"https:\/\/juliededry.be\/wp-content\/uploads\/2021\/02\/Listes-des-ingre\u0301dients-du-mate\u0301riel-et-des-livres-pour-une-cuisine-saine.pdf\" class=\"wp-block-file__button\" download>T\u00e9l\u00e9charger<\/a><\/div>\n","protected":false},"excerpt":{"rendered":"","protected":false},"author":1,"featured_media":7131,"comment_status":"open","ping_status":"open","sticky":false,"template":"","format":"standard","meta":{"spay_email":"","jetpack_publicize_message":"","jetpack_is_tweetstorm":false},"categories":[1],"tags":[],"jetpack_featured_media_url":"https:\/\/i2.wp.com\/juliededry.be\/wp-content\/uploads\/2021\/02\/20210131_154945-scaled.jpg?fit=2560%2C2560&ssl=1","jetpack_publicize_connections":[],"yoast_head":"<!-- This site is optimized with the Yoast SEO plugin v15.7 - https:\/\/yoast.com\/wordpress\/plugins\/seo\/ -->\n<title>Listes des ingr\u00e9dients, du mat\u00e9riel et des livres pour une cuisine saine - Julie Dedry<\/title>\n<meta name=\"robots\" content=\"index, follow, max-snippet:-1, max-image-preview:large, max-video-preview:-1\" \/>\n<link rel=\"canonical\" href=\"https:\/\/juliededry.be\/index.php\/2021\/02\/02\/listes-des-ingredients-du-materiel-et-des-livres-pour-une-cuisine-saine\/\" \/>\n<meta property=\"og:locale\" content=\"fr_FR\" \/>\n<meta property=\"og:type\" content=\"article\" \/>\n<meta property=\"og:title\" content=\"Listes des ingr\u00e9dients, du mat\u00e9riel et des livres pour une cuisine saine - Julie Dedry\" \/>\n<meta property=\"og:url\" content=\"https:\/\/juliededry.be\/index.php\/2021\/02\/02\/listes-des-ingredients-du-materiel-et-des-livres-pour-une-cuisine-saine\/\" \/>\n<meta property=\"og:site_name\" content=\"Julie Dedry\" \/>\n<meta property=\"article:published_time\" content=\"2021-02-02T13:30:41+00:00\" \/>\n<meta property=\"article:modified_time\" content=\"2021-02-02T13:33:32+00:00\" \/>\n<meta property=\"og:image\" content=\"https:\/\/i2.wp.com\/juliededry.be\/wp-content\/uploads\/2021\/02\/20210131_154945-scaled.jpg?fit=2560%2C2560&#038;ssl=1\" \/>\n\t<meta property=\"og:image:width\" content=\"2560\" \/>\n\t<meta property=\"og:image:height\" content=\"2560\" \/>\n<meta name=\"twitter:card\" content=\"summary_large_image\" \/>\n<script type=\"application\/ld+json\" class=\"yoast-schema-graph\">{\"@context\":\"https:\/\/schema.org\",\"@graph\":[{\"@type\":\"WebSite\",\"@id\":\"https:\/\/juliededry.be\/#website\",\"url\":\"https:\/\/juliededry.be\/\",\"name\":\"Julie Dedry\",\"description\":\"Cr\\u00e9atrice de routines sur mesure\",\"potentialAction\":[{\"@type\":\"SearchAction\",\"target\":\"https:\/\/juliededry.be\/?s={search_term_string}\",\"query-input\":\"required name=search_term_string\"}],\"inLanguage\":\"fr-FR\"},{\"@type\":\"ImageObject\",\"@id\":\"https:\/\/juliededry.be\/index.php\/2021\/02\/02\/listes-des-ingredients-du-materiel-et-des-livres-pour-une-cuisine-saine\/#primaryimage\",\"inLanguage\":\"fr-FR\",\"url\":\"https:\/\/i2.wp.com\/juliededry.be\/wp-content\/uploads\/2021\/02\/20210131_154945-scaled.jpg?fit=2560%2C2560&ssl=1\",\"width\":2560,\"height\":2560},{\"@type\":\"WebPage\",\"@id\":\"https:\/\/juliededry.be\/index.php\/2021\/02\/02\/listes-des-ingredients-du-materiel-et-des-livres-pour-une-cuisine-saine\/#webpage\",\"url\":\"https:\/\/juliededry.be\/index.php\/2021\/02\/02\/listes-des-ingredients-du-materiel-et-des-livres-pour-une-cuisine-saine\/\",\"name\":\"Listes des ingr\\u00e9dients, du mat\\u00e9riel et des livres pour une cuisine saine - Julie Dedry\",\"isPartOf\":{\"@id\":\"https:\/\/juliededry.be\/#website\"},\"primaryImageOfPage\":{\"@id\":\"https:\/\/juliededry.be\/index.php\/2021\/02\/02\/listes-des-ingredients-du-materiel-et-des-livres-pour-une-cuisine-saine\/#primaryimage\"},\"datePublished\":\"2021-02-02T13:30:41+00:00\",\"dateModified\":\"2021-02-02T13:33:32+00:00\",\"author\":{\"@id\":\"https:\/\/juliededry.be\/#\/schema\/person\/abcc577d24773ef8b5dfdaaad9dd08aa\"},\"breadcrumb\":{\"@id\":\"https:\/\/juliededry.be\/index.php\/2021\/02\/02\/listes-des-ingredients-du-materiel-et-des-livres-pour-une-cuisine-saine\/#breadcrumb\"},\"inLanguage\":\"fr-FR\",\"potentialAction\":[{\"@type\":\"ReadAction\",\"target\":[\"https:\/\/juliededry.be\/index.php\/2021\/02\/02\/listes-des-ingredients-du-materiel-et-des-livres-pour-une-cuisine-saine\/\"]}]},{\"@type\":\"BreadcrumbList\",\"@id\":\"https:\/\/juliededry.be\/index.php\/2021\/02\/02\/listes-des-ingredients-du-materiel-et-des-livres-pour-une-cuisine-saine\/#breadcrumb\",\"itemListElement\":[{\"@type\":\"ListItem\",\"position\":1,\"item\":{\"@type\":\"WebPage\",\"@id\":\"https:\/\/juliededry.be\/\",\"url\":\"https:\/\/juliededry.be\/\",\"name\":\"Accueil\"}},{\"@type\":\"ListItem\",\"position\":2,\"item\":{\"@type\":\"WebPage\",\"@id\":\"https:\/\/juliededry.be\/index.php\/2021\/02\/02\/listes-des-ingredients-du-materiel-et-des-livres-pour-une-cuisine-saine\/\",\"url\":\"https:\/\/juliededry.be\/index.php\/2021\/02\/02\/listes-des-ingredients-du-materiel-et-des-livres-pour-une-cuisine-saine\/\",\"name\":\"Listes des ingr\\u00e9dients, du mat\\u00e9riel et des livres pour une cuisine saine\"}}]},{\"@type\":\"Person\",\"@id\":\"https:\/\/juliededry.be\/#\/schema\/person\/abcc577d24773ef8b5dfdaaad9dd08aa\",\"name\":\"admin1710\",\"image\":{\"@type\":\"ImageObject\",\"@id\":\"https:\/\/juliededry.be\/#personlogo\",\"inLanguage\":\"fr-FR\",\"url\":\"https:\/\/secure.gravatar.com\/avatar\/ad7aa694110f8b801d02e8ec66defb70?s=96&d=mm&r=g\",\"caption\":\"admin1710\"}}]}<\/script>\n<!-- \/ Yoast SEO plugin. -->","jetpack_sharing_enabled":true,"jetpack_shortlink":"https:\/\/wp.me\/paiuL7-1QY","jetpack-related-posts":[{"id":5785,"url":"https:\/\/juliededry.be\/index.php\/2019\/03\/08\/ce-netait-pas-le-moment\/","url_meta":{"origin":7128,"position":0},"title":"Ce n\u2019\u00e9tait pas le moment.","date":"mars 8, 2019","format":false,"excerpt":"Quand on a une vision tr\u00e8s pr\u00e9cise de notre vie id\u00e9ale \u00e0 5 ans, il est parfois tr\u00e8s difficile d\u2019attendre tellement les choses sont claires. En un an, ma vie a litt\u00e9ralement chang\u00e9. Et elle aurait pu encore changer du tout au tout les 3 derniers mois\u2026 Une maison qui\u2026","rel":"","context":"Avec 1 commentaire","img":{"alt_text":"","src":"https:\/\/i2.wp.com\/juliededry.be\/wp-content\/uploads\/2019\/03\/Julie-Dedry-3260.jpg?fit=1200%2C800&ssl=1&resize=350%2C200","width":350,"height":200},"classes":[]},{"id":5339,"url":"https:\/\/juliededry.be\/index.php\/2019\/02\/17\/la-celebration-vs-les-routines\/","url_meta":{"origin":7128,"position":1},"title":"La c\u00e9l\u00e9bration vs. les routines","date":"f\u00e9vrier 17, 2019","format":false,"excerpt":"Le mot \u201croutine\u201d est triste et ennuyeux. Je sens que ce mot plombe mon \u00e9nergie. Je sens que derri\u00e8re ce terme se cache bien plus. Quelque chose de beaucoup plus grand et puissant. De plus sacr\u00e9. Alors oui on peut parler aussi de \u201crituel\u201d, mais perso, je trouve ce terme\u2026","rel":"","context":"Article similaire","img":{"alt_text":"","src":"https:\/\/i0.wp.com\/juliededry.be\/wp-content\/uploads\/2019\/02\/Julie-Dedry-3174.jpg?fit=1200%2C800&ssl=1&resize=350%2C200","width":350,"height":200},"classes":[]},{"id":1,"url":"https:\/\/juliededry.be\/index.php\/2018\/08\/27\/hello-world\/","url_meta":{"origin":7128,"position":2},"title":"Au bon endroit, au bon moment!","date":"ao\u00fbt 27, 2018","format":false,"excerpt":"Avez-vous d\u00e9j\u00e0 v\u00e9cu cette sublime sensation d\u2019\u00eatre au bon endroit au bon moment? Cette sensation est une gr\u00e2ce divine que je vis quotidiennement depuis que j\u2019ai chang\u00e9 de vie.\u00a0La gratitude a remplac\u00e9 la malaise latent de ne pas \u00eatre \u00e0 ma place (ainsi que le sentiment de perdre du temps,\u2026","rel":"","context":"Article similaire","img":{"alt_text":"","src":"https:\/\/i2.wp.com\/juliededry.be\/wp-content\/uploads\/2018\/08\/Julie-Dedry-3612-1.jpg?fit=1200%2C800&ssl=1&resize=350%2C200","width":350,"height":200},"classes":[]},{"id":6680,"url":"https:\/\/juliededry.be\/index.php\/2019\/09\/02\/sortir-de-sa-zone-de-confort-grace-aux-routines\/","url_meta":{"origin":7128,"position":3},"title":"Sortir de sa zone de confort gr\u00e2ce aux routines","date":"septembre 2, 2019","format":false,"excerpt":"Qui n\u2019a jamais r\u00eav\u00e9 de changer ses habitudes pour devenir une meilleure version de soi-m\u00eame\u00a0? Et si une p\u00e9riode de transition - de transformation - de vie \u00e9tait le moment id\u00e9al pour se cr\u00e9er de nouveaux rep\u00e8res de vie? Je vous explique pourquoi les routines sont essentielles dans les moments\u2026","rel":"","context":"Article similaire","img":{"alt_text":"","src":"https:\/\/i0.wp.com\/juliededry.be\/wp-content\/uploads\/2019\/09\/JulieDedry-UnLimit-It-0505.jpg?fit=1200%2C800&ssl=1&resize=350%2C200","width":350,"height":200},"classes":[]},{"id":7151,"url":"https:\/\/juliededry.be\/index.php\/2021\/09\/13\/retour-dexperience-se-lever-avec-les-poules\/","url_meta":{"origin":7128,"position":4},"title":"Retour d'exp\u00e9rience: se lever avec les poules.","date":"septembre 13, 2021","format":false,"excerpt":"La r\u00e9daction de cet article a pour but de vous partager mon exp\u00e9rience en lever matinal, activit\u00e9 que je pratique quotidiennement depuis 6 mois maintenant. J\u2019esp\u00e8re que cela vous inspirera et vous aidera tr\u00e8s concr\u00e8tement \u00e0 tester ce magnifique moment! Pourquoi j\u2019ai tent\u00e9 l\u2019aventure Cela fait plusieurs ann\u00e9es que j\u2019entends\u2026","rel":"","context":"Article similaire","img":{"alt_text":"","src":"https:\/\/i1.wp.com\/juliededry.be\/wp-content\/uploads\/2021\/09\/20210428_063341-scaled.jpg?fit=1200%2C900&ssl=1&resize=350%2C200","width":350,"height":200},"classes":[]},{"id":6349,"url":"https:\/\/juliededry.be\/index.php\/2019\/04\/16\/comment-se-connecter-a-son-energie-profonde-quand-on-change-de-vie-ou-quon-lance-un-business\/","url_meta":{"origin":7128,"position":5},"title":"Comment se connecter \u00e0 son \u00e9nergie profonde quand on change de vie ou qu\u2019on lance un business?","date":"avril 16, 2019","format":false,"excerpt":"Le lien entre mission de vie et motivation. Se reconnecter \u00e0 sa mission de vie devrait \u00eatre la premi\u00e8re \u00e9tape de toute d\u00e9marche entrepreneuriale. D\u00e9velopper un business demande une dose consid\u00e9rable d\u2019\u00e9nergie et s\u2019apparente \u00e0 une v\u00e9ritable course de fond. Se reconnecter \u00e0 sa source primaire d\u2019\u00e9nergie devient alors indispensable.\u2026","rel":"","context":"Article similaire","img":{"alt_text":"","src":"https:\/\/i0.wp.com\/juliededry.be\/wp-content\/uploads\/2019\/04\/Julie-Dedry-3670.png?fit=886%2C591&ssl=1&resize=350%2C200","width":350,"height":200},"classes":[]}],"_links":{"self":[{"href":"https:\/\/juliededry.be\/index.php\/wp-json\/wp\/v2\/posts\/7128"}],"collection":[{"href":"https:\/\/juliededry.be\/index.php\/wp-json\/wp\/v2\/posts"}],"about":[{"href":"https:\/\/juliededry.be\/index.php\/wp-json\/wp\/v2\/types\/post"}],"author":[{"embeddable":true,"href":"https:\/\/juliededry.be\/index.php\/wp-json\/wp\/v2\/users\/1"}],"replies":[{"embeddable":true,"href":"https:\/\/juliededry.be\/index.php\/wp-json\/wp\/v2\/comments?post=7128"}],"version-history":[{"count":2,"href":"https:\/\/juliededry.be\/index.php\/wp-json\/wp\/v2\/posts\/7128\/revisions"}],"predecessor-version":[{"id":7387,"href":"https:\/\/juliededry.be\/index.php\/wp-json\/wp\/v2\/posts\/7128\/revisions\/7387"}],"wp:featuredmedia":[{"embeddable":true,"href":"https:\/\/juliededry.be\/index.php\/wp-json\/wp\/v2\/media\/7131"}],"wp:attachment":[{"href":"https:\/\/juliededry.be\/index.php\/wp-json\/wp\/v2\/media?parent=7128"}],"wp:term":[{"taxonomy":"category","embeddable":true,"href":"https:\/\/juliededry.be\/index.php\/wp-json\/wp\/v2\/categories?post=7128"},{"taxonomy":"post_tag","embeddable":true,"href":"https:\/\/juliededry.be\/index.php\/wp-json\/wp\/v2\/tags?post=7128"}],"curies":[{"name":"wp","href":"https:\/\/api.w.org\/{rel}","templated":true}]}}